{"id":393,"date":"2015-12-29T03:06:24","date_gmt":"2015-12-29T01:06:24","guid":{"rendered":"http:\/\/laboragora.com\/?p=393"},"modified":"2019-07-08T09:38:11","modified_gmt":"2019-07-08T07:38:11","slug":"la-difficulte-de-lanalyse-du-travail","status":"publish","type":"post","link":"https:\/\/laboragora.com\/index.php\/2015\/12\/29\/la-difficulte-de-lanalyse-du-travail\/","title":{"rendered":"La difficult\u00e9 de l&rsquo;analyse du travail"},"content":{"rendered":"<h3><strong>\u00ab\u00a0L&rsquo;analyse du travail\u00a0\u00bb, de quoi parle-t-on exactement ?<\/strong><\/h3>\n<p class=\"r\u00e9daction-western\" style=\"text-align: justify;\">C&rsquo;est en r\u00e9alisant le travail pour mon m\u00e9moire de M2 que je fus pour la premi\u00e8re fois confront\u00e9 \u00e0 l&rsquo;appellation d&rsquo;\u00ab&nbsp;analyse du travail&nbsp;\u00bb. Il faut avouer qu&rsquo;au premier abord le terme \u00e0 l&rsquo;air on ne peut plus technique.<\/p>\n<p><!--more--><\/p>\n<p style=\"text-align: justify;\">Alors, commen\u00e7ons d&rsquo;abord par d\u00e9finir ce qu&rsquo;est une analyse du travail \u00e0 proprement parler. Car le lecteur non initi\u00e9 (comme je l&rsquo;\u00e9tais en d\u00e9but de M2) a d\u00e9j\u00e0 d\u00fb \u00e9carquiller les yeux et se gratter les tempes d&rsquo;un air interrogateur. En fait, et pour \u00eatre honn\u00eate, le seul nom \u00ab&nbsp;d&rsquo;analyse du travail&nbsp;\u00bb parle assez bien de lui-m\u00eame. Pour faire tr\u00e8s simple,il s&rsquo;agit d&rsquo;aller observer un travailleur et son activit\u00e9 de travail directement sur le terrain afin de saisir le r\u00e9el de l&rsquo;action de travail. L&rsquo;observation du r\u00e9el de l&rsquo;action de travail doit permettre de mieux comprendre les m\u00e9canismes qui sont en jeu dans ladite action de travail. Les r\u00e9sultats de l&rsquo;observation, compar\u00e9s au travail tel qu&rsquo;il peut \u00eatre commun\u00e9ment d\u00e9crit par la prescription ou dans le discours de la hi\u00e9rarchie, peuvent permettre, par exemple, d&rsquo;optimiser les facteurs qui peuvent intervenir dans la r\u00e9alisation de ce travail, assurer une meilleure transmission des savoir-faire entre les experts et les novices ou encore d\u00e9velopper des formations adapt\u00e9es. Voila pour la version simple.<\/p>\n<h3>&nbsp;<strong>Distinction t\u00e2che\/activit\u00e9.<\/strong><\/h3>\n<p class=\"r\u00e9daction-western\" style=\"text-align: justify;\">Autour de la version un peu plus complexe maintenant. L&rsquo;analyse de l&rsquo;activit\u00e9 trouve son int\u00e9r\u00eat dans le postulat suivant&nbsp;: \u00ab<i>&nbsp;<\/i><em>il y a toujours plus dans le travail r\u00e9el que dans la t\u00e2che prescrite<\/em>&nbsp;\u00bb (Leplat, 1997). Cela sugg\u00e8re donc qu&rsquo;il y a une distinction \u00e0 faire entre le travail prescrit, c&rsquo;est \u00e0 dire la t\u00e2che, que l&rsquo;on retrouve sur les fiches de poste par exemple, et le travail r\u00e9el c&rsquo;est \u00e0 dire l&rsquo;activit\u00e9&nbsp;, qui n&rsquo;est visible que dans l&rsquo;action de travail. Car le \u00ab&nbsp;<em>travail a une part irr\u00e9ductible de cr\u00e9ation<\/em>&nbsp;\u00bb. Auparavant, Leplat &amp; Hoc (1983) proposaient d\u00e9j\u00e0 de distinguer t\u00e2che et activit\u00e9&nbsp;: \u00ab<i>&nbsp;<\/i><i>[&#8230;]<\/i> <em>la t\u00e2che indique ce qui est \u00e0 faire et l\u2019activit\u00e9 ce qui se fait. La notion de t\u00e2che v\u00e9hicule avec elle l\u2019id\u00e9e de prescription, sinon d\u2019obligation. La notion d\u2019activit\u00e9 renvoie, elle, \u00e0 ce qui est mis en jeu par le sujet pour ex\u00e9cuter ces prescriptions, pour remplir ses obligations<\/em>\u00bb.<\/p>\n<p class=\"r\u00e9daction-western\" style=\"text-align: justify;\">Ainsi, vous l&rsquo;aurez compris, l&rsquo;analyse du travail s&rsquo;impose de part le fait que pour r\u00e9ellement comprendre les m\u00e9canismes du travail, cette <em>part irr\u00e9ductible de cr\u00e9ation<\/em>, il faut n\u00e9cessairement voir ce travail au plus pr\u00e8s de son ex\u00e9cution, de sa r\u00e9alisation.<\/p>\n<p class=\"r\u00e9daction-western\" style=\"text-align: justify;\">En r\u00e9sum\u00e9, une analyse du travail se compose en r\u00e9alit\u00e9 de deux analyses subsidiaires. L&rsquo;analyse de la t\u00e2che d&rsquo;une part et l&rsquo;analyse de l&rsquo;activit\u00e9 d&rsquo;autre part. En effet, ces deux dimensions sont n\u00e9cessaires pour une compr\u00e9hension globale du travail et de l&rsquo;environnement dans lequel il se r\u00e9alise.<\/p>\n<h3><strong>La structure cognitive de la t\u00e2che et le couple situation\/activit\u00e9.<\/strong><\/h3>\n<p class=\"r\u00e9daction-western\" style=\"text-align: justify;\">L&rsquo;article de Keyser &amp; Nyssen (1993, cit\u00e9 par Pastr\u00e9 &amp; al., et Pastr\u00e9, 2002), introduit ce concept de <em>structure cognitive de la t\u00e2che<\/em> en avan\u00e7ant que ce n&rsquo;est pas seulement la prescription qui d\u00e9finit la situation de travail mais \u00ab&nbsp;<em>aussi certaines dimensions objectives de la situation, qui vont orienter l&rsquo;activit\u00e9<\/em><i>&nbsp;<\/i>\u00bb.<\/p>\n<p class=\"r\u00e9daction-western\" style=\"text-align: justify;\">Ceci nous am\u00e8ne \u00e0 souligner l&rsquo;importance du couple situation-activit\u00e9. En cons\u00e9quence, suivant Pastr\u00e9 (2002), \u00ab<em>&nbsp;il faut identifier les dimensions caract\u00e9ristiques de la situation dans sa sp\u00e9cificit\u00e9 pour comprendre comment les sujets organisent leur action, par conceptualisation plus ou moins profonde<\/em>&nbsp;\u00bb. Cela signifie que l&rsquo;activit\u00e9 prend sa place dans le contexte pr\u00e9cis d&rsquo;une situation donn\u00e9e, et que chaque situation \u00e0 un impact sur l&rsquo;action r\u00e9alis\u00e9e. C&rsquo;est pourquoi, il est essentiel, lors d&rsquo;une analyse du travail (et de l&rsquo;activit\u00e9), d&rsquo;\u00eatre capable d&rsquo;identifier les situations auxquelles sont confront\u00e9s les travailleurs. Cela signifie d&rsquo;\u00eatre capable de rep\u00e9rer les variants et invariants des situations, les \u00ab<em>dimensions objectives de la situation<\/em><i>&nbsp;\u00bb <\/i>de Keyser &amp; Nyssen (1993), car ce sont eux qui contribuent \u00e0 l&rsquo;orientation de l&rsquo;activit\u00e9 de travail.<\/p>\n<h3><strong>Maintenant que j&rsquo;ai compris tout \u00e7a, comment je fais concr\u00e8tement?<\/strong><\/h3>\n<p class=\"r\u00e9daction-western\" style=\"text-align: justify;\">Non, la difficult\u00e9 ne r\u00e9side pas dans le fait de saisir le but qu&rsquo;a cette d\u00e9marche d&rsquo;investigation, mais plut\u00f4t dans la m\u00e9thode \u00e0 employer une fois sur le terrain.<\/p>\n<p class=\"r\u00e9daction-western\" style=\"text-align: justify;\">La principale difficult\u00e9 que j&rsquo;ai rencontr\u00e9e r\u00e9sidait dans le fait que la plupart des travaux r\u00e9alis\u00e9s en la mati\u00e8re s&rsquo;int\u00e9ressaient \u00e0 du travail que je qualifierais de \u00ab&nbsp;travail manuel et technique&nbsp;\u00bb. Pour caricaturer, un homme est sur une cha\u00eene de production et doit veiller sur le processus dont il est responsable. Or, la commande qui m&rsquo;avait \u00e9t\u00e9 faite pour mon travail de M2 portait sur un travail beaucoup plus abstrait, s&rsquo;apparentant, toujours de mani\u00e8re caricaturale, \u00e0 du management. Ceci laissant tr\u00e8s peu de place \u00e0 du travail commun\u00e9ment qualifi\u00e9 de \u00ab&nbsp;manuel&nbsp;\u00bb.<\/p>\n<p class=\"r\u00e9daction-western\" style=\"text-align: justify;\">Cela m&rsquo;am\u00e8ne \u00e0 \u00e9voquer le premier \u00e9cueil&nbsp;: savoir observer l&rsquo;invisible. En effet, une grande part des processus qui interviennent dans la r\u00e9alisation du travail ne sont pas visibles. Cette part invisible du travail m&rsquo;am\u00e8ne \u00e0 parler des concepts pragmatiques que d\u00e9veloppe Pierre Pastr\u00e9. Ces concepts pragmatiques existent dans la plupart des activit\u00e9s professionnelles. Pastr\u00e9 (2002) leur attribue les 3 propri\u00e9t\u00e9s qui suivent&nbsp;:<\/p>\n<ul>\n<li class=\"r\u00e9daction-western\" style=\"text-align: justify;\">Premi\u00e8rement, les concepts pragmatiques servent principalement \u00e0 faire un diagnostic de situation en vue de l&rsquo;action efficace. Le but ici est donc d&rsquo;avoir une action efficace et non de d\u00e9crire le monde objectivement. C&rsquo;est ici que nous pouvons observer la diff\u00e9rence entre un expert et un novice dans le traitement d&rsquo;une situation probl\u00e8me. Un expert pourra directement aller \u00e0 l&rsquo;essentiel, au d\u00e9tail (qui n&rsquo;en est plus un quand on a un niveau d&rsquo;expertise satisfaisant) afin d&rsquo;apporter une solution au probl\u00e8me rencontr\u00e9. Le diagnostic de situation b\u00e9n\u00e9ficie donc d&rsquo;un gain de temps et d&rsquo;efficacit\u00e9.<\/li>\n<li class=\"r\u00e9daction-western\" style=\"text-align: justify;\">Deuxi\u00e8mement, les concepts pragmatiques doivent \u00eatre l&rsquo;objet d&rsquo;une construction du sujet. Bien qu&rsquo;ils soient utilis\u00e9s dans l&rsquo;\u00e9change quotidien, faisant partie du prescrit au sens large, ils sont de l&rsquo;ordre de la repr\u00e9sentation transmise de pair en pair (de l&rsquo;expert au novice) et cette repr\u00e9sentation devient un concept pragmatique seulement gr\u00e2ce \u00e0 l&rsquo;activit\u00e9 constructrice du sujet.<\/li>\n<li class=\"r\u00e9daction-western\" style=\"text-align: justify;\">Enfin, les concepts pragmatiques sont sp\u00e9cifiques \u00e0 une classe de situations assez d\u00e9limit\u00e9es. C&rsquo;est \u00e0 dire qu&rsquo;ils sont construits selon le type de situations qu&rsquo;un professionnel est amen\u00e9 \u00e0 rencontrer, et que suivant la branche professionnelle de la personne concern\u00e9e, les concepts pragmatiques ne seront pas les m\u00eames. En ce sens, ils sont sp\u00e9cifiques aux dimensions de la situation professionnelle pour laquelle ils organisent l&rsquo;action efficace. Ils ne sont donc pas d&rsquo;un usage \u00e9tendu, c&rsquo;est \u00e0 dire partag\u00e9s par un plus vaste panel d&rsquo;individus.<\/li>\n<\/ul>\n<p class=\"r\u00e9daction-western\" style=\"text-align: justify;\">Ces concepts pragmatiques font l&rsquo;objet d&rsquo;automatismes de la part du travailleur. Il convient de ce fait \u00e0 l&rsquo;observateur de percevoir les moments o\u00f9 ils interviennent et de savoir interroger le travailleur, pour le mettre face \u00e0 ses \u00ab&nbsp;savoir-faire incorpor\u00e9s&nbsp;\u00bb. Et c&rsquo;est pr\u00e9cis\u00e9ment dans leur nature invisible que se trouve la difficult\u00e9 pour l&rsquo;analysant.<\/p>\n<p class=\"r\u00e9daction-western\" style=\"text-align: justify;\">Cependant, avant d&rsquo;\u00eatre sur le terrain et dans le c\u0153ur de l&rsquo;analyse quelques autres \u00e9tapes doivent \u00eatre pr\u00e9par\u00e9es et r\u00e9alis\u00e9es en amont. D&rsquo;abord, nous l&rsquo;\u00e9voquions en introduction, il est n\u00e9cessaire r\u00e9aliser une analyse de la t\u00e2che (le prescrit). Celle-ci nous permet premi\u00e8rement, de mieux cerner et de mieux comprendre le travail que l&rsquo;on ira observer, et secondement le contexte, l&rsquo;univers dans lequel nous interviendrons.<\/p>\n<p class=\"r\u00e9daction-western\" style=\"text-align: justify;\">Une fois cette \u00e9tape achev\u00e9e, il est pr\u00e9f\u00e9rable de commencer par une observation \u00ab&nbsp;\u00e0 blanc&nbsp;\u00bb. Cela pour plusieurs raisons. En premier lieu, parce qu&rsquo;il peut \u00eatre difficile parfois de trouver un assez grand nombre de sujets \u00e0 observer. Par cons\u00e9quent, chaque observation est primordiale et ne peut \u00eatre g\u00e2ch\u00e9e \u00e0 cause d&rsquo;une pr\u00e9paration insuffisante. Cette observation \u00ab&nbsp;\u00e0 blanc&nbsp;\u00bb doit nous permettre d&rsquo;\u00e9laborer \u00e0 la fois un plan d&rsquo;action et des outils d&rsquo;observation pertinents et efficaces pour la suite de l&rsquo;enqu\u00eate. Enfin, une premi\u00e8re immersion peut nous aider \u00e0 distinguer les classes de situations que rencontre le travailleur observ\u00e9 et de fait avoir une premi\u00e8re \u00e9bauche, \u00e0 la fois, de l&rsquo;activit\u00e9 qu&rsquo;il y r\u00e9alise et des concepts pragmatiques qu&rsquo;il mobilise.<\/p>\n<p class=\"r\u00e9daction-western\" style=\"text-align: justify;\">Concernant les outils que l&rsquo;observateur doit \u00e9laborer en amont, il semble clair qu&rsquo;une grille d&rsquo;observation est essentielle. Elle doit permettre d&rsquo;avoir une \u00ab&nbsp;bonne tra\u00e7abilit\u00e9 du pass\u00e9&nbsp;\u00bb. Cela signifie que les notes prises au cours de l&rsquo;observation doivent permettre de se rep\u00e9rer dans le temps et l&rsquo;espace et d&rsquo;avoir un aper\u00e7u d\u00e9taill\u00e9 de l&rsquo;activit\u00e9 r\u00e9alis\u00e9e, des acteurs avec lesquels l&rsquo;observ\u00e9 a interagi. Cette grille doit, \u00e0 posteriori, donner une \u00abphotographie&nbsp;\u00bb de la journ\u00e9e de travail de la personne observ\u00e9e.<\/p>\n<p class=\"r\u00e9daction-western\" style=\"text-align: justify;\">En plus de la grille, il est n\u00e9cessaire de recueillir tout un ensemble de donn\u00e9es utiles pour l&rsquo;avanc\u00e9 de l&rsquo;enqu\u00eate. \u00c9videmment, en \u00e9tant totalement immerg\u00e9 dans l&rsquo;organisme dans lequel on intervient, il n&rsquo;est pas toujours ais\u00e9 d&rsquo;anticiper quels documents nous seront utiles pour la suite. Le meilleur r\u00e9flexe \u00e0 avoir selon moi, est de syst\u00e9matiquement prendre tout ce que l&rsquo;on nous propose et de ne pas h\u00e9siter \u00e0 en demander encore plus. Un d\u00e9tail qui nous para\u00eet insignifiant sur l&rsquo;instant peut se r\u00e9v\u00e9ler fort pertinent par la suite. De m\u00eame, avec l&rsquo;accord de votre observ\u00e9 et des personnes avec qui il interagit, il peut \u00eatre int\u00e9ressant d&rsquo;enregistrer les conversations professionnelles qu&rsquo;ils peuvent \u00e9changer. Cet int\u00e9r\u00eat est port\u00e9 par l&rsquo;observation que \u00ab<i>&nbsp;<\/i><em>le langage est omnipr\u00e9sent dans la travail et qu&rsquo;une grande part des activit\u00e9s de travail se r\u00e9alisent dans et par des interactions verbales&nbsp;<\/em>\u00bb. C&rsquo;est pourquoi \u00ab<em>&nbsp;il n&rsquo;est [\u2026] pas possible de rendre compte des modalit\u00e9s d&rsquo;organisation de l&rsquo;activit\u00e9 dans ces situations sans traiter le langage comme un \u00e9l\u00e9ment d\u00e9terminant du travail&nbsp;<\/em>\u00bb. Ajoutons qu&rsquo;il peut \u00e9galement \u00eatre utile de faire verbaliser votre observ\u00e9 sur l&rsquo;activit\u00e9 qu&rsquo;il est en train de r\u00e9aliser, cela dans l&rsquo;id\u00e9e de faire \u00e9merger les sch\u00e8mes mentaux utilis\u00e9s. Enfin, n&rsquo;h\u00e9sitez pas non plus \u00e0 prendre en photo et m\u00eame \u00e0 filmer tout \u00e9l\u00e9ment qui contribue \u00e0 l&rsquo;organisation de l&rsquo;activit\u00e9&nbsp;: tableau de r\u00e9partition des \u00e9quipes, situations complexes, poste de travail, disposition lors des r\u00e9unions d&rsquo;\u00e9quipe, etc.<\/p>\n<h3 class=\"r\u00e9daction-western\"><strong>En conclusion.<\/strong><\/h3>\n<p class=\"r\u00e9daction-western\" style=\"text-align: justify;\">Bien que cet article se contente d&rsquo;aborder tr\u00e8s sommairement le sujet, l&rsquo;ensemble des \u00e9l\u00e9ments qui viennent d&rsquo;\u00eatre \u00e9nonc\u00e9s devrait contribuer, je l&rsquo;esp\u00e8re, aux premiers pas de ceux qui se lancent dans une analyse du travail.&nbsp; A cette fin, je vous renvoie aux travaux des auteurs, disponibles dans la bibliographie, que j&rsquo;ai cit\u00e9 tout au long de ce papier.<\/p>\n<p>&nbsp;<\/p>\n<hr>\n<h3><strong>Bibliographie&nbsp;:<\/strong><\/h3>\n<ol>\n<li style=\"text-align: justify;\">De Keyser, V., Nyssen, A. S. (1993). Les erreurs humaines en anesth\u00e9sie. Analyse cognitive du travail. <em>Le Travail humain<\/em>, 56, 2-3 (243-266).<\/li>\n<li style=\"text-align: justify;\">Leplat, J., Hoc, J.M. (1983). T\u00e2che et activit\u00e9 dans l\u2019analyse psychologique des situations, in Cahiers de psychologie cognitive, 3, 1, pages 49 \u00e0 63.<\/li>\n<li style=\"text-align: justify;\">Leplat, J. (1997). Regards sur l\u2019activit\u00e9. Paris : PUF.<\/li>\n<li style=\"text-align: justify;\">Pastr\u00e9, P. (2002). L&rsquo;analyse du travail en didactique professionnelle. <em>Revue fran\u00e7aise de p\u00e9dagogie<\/em>, 9-17.<\/li>\n<\/ol>\n<hr>\n<h3 align=\"justify\"><strong>Pour aller plus loin :<\/strong><\/h3>\n<ol>\n<li style=\"text-align: justify;\">Barthe, B., Queinnec, Y. Terminologie et perspectives d&rsquo;analyse du travail collectif en ergonomie. In: <em>L&rsquo;ann\u00e9e psychologique<\/em>. 1999 vol. 99, n\u00b04. pp. 663-686.<\/li>\n<li style=\"text-align: justify;\">Faverge, J.M. (1972). L\u2019analyse du travail. In: Reuchlin, M (Ed.), Trait\u00e9 de Psychologie appliqu\u00e9e, T. III. PUF, Paris, pp. 5\u201360.<\/li>\n<li style=\"text-align: justify;\">Ombredane, A., &amp; Faverge, J. M. (1955). <i>L&rsquo;analyse du travail<\/i>. Pr. universit. de France.<\/li>\n<li style=\"text-align: justify;\">Pastr\u00e9, P., Mayen, P., Vergnaud, G. (2006) \u00ab La didactique professionnelle : note de synth\u00e8se \u00bb, in <em>Revue fran\u00e7aise de psychologie<\/em> n\u00b0154, p 145 \u00e0 198.<\/li>\n<li style=\"text-align: justify;\">Leplat, J. (1997). Regards sur l\u2019activit\u00e9. Paris : PUF.<\/li>\n<li style=\"text-align: justify;\">Leplat, J. (2004). L\u2019analyse psychologique du travail. <em>Revue Europ\u00e9enne de Psychologie Appliqu\u00e9e\/European Review of Applied Psychology<\/em>, <i>54<\/i>(2), 101-108.<\/li>\n<\/ol>\n","protected":false},"excerpt":{"rendered":"<p>\u00ab\u00a0L&rsquo;analyse du travail\u00a0\u00bb, de quoi parle-t-on exactement ? C&rsquo;est en r\u00e9alisant le travail pour mon m\u00e9moire de M2 que je fus pour la premi\u00e8re fois &hellip; <\/p>\n","protected":false},"author":4,"featured_media":766,"comment_status":"closed","ping_status":"closed","sticky":false,"template":"","format":"standard","meta":{"footnotes":""},"categories":[2,5],"tags":[6,7,8,9,42,88],"class_list":["post-393","post","type-post","status-publish","format-standard","has-post-thumbnail","hentry","category-autres-regards","category-sous-la-loupe","tag-activite","tag-analyse-dactivite","tag-analyse-de-tache","tag-analyse-du-travail","tag-formation","tag-tache"],"yoast_head":"<!-- This site is optimized with the Yoast SEO plugin v25.5 - https:\/\/yoast.com\/wordpress\/plugins\/seo\/ -->\n<title>La difficult\u00e9 de l&#039;analyse du travail - LaborAgora<\/title>\n<meta name=\"description\" content=\"Quelques conseils pour une analyse du travail r\u00e9ussie\" \/>\n<meta name=\"robots\" content=\"index, follow, max-snippet:-1, max-image-preview:large, max-video-preview:-1\" \/>\n<link rel=\"canonical\" href=\"https:\/\/laboragora.com\/index.php\/2015\/12\/29\/la-difficulte-de-lanalyse-du-travail\/\" \/>\n<meta property=\"og:locale\" content=\"fr_FR\" \/>\n<meta property=\"og:type\" content=\"article\" \/>\n<meta property=\"og:title\" content=\"La difficult\u00e9 de l&#039;analyse du travail - LaborAgora\" \/>\n<meta property=\"og:description\" content=\"Quelques conseils pour une analyse du travail r\u00e9ussie\" \/>\n<meta property=\"og:url\" content=\"https:\/\/laboragora.com\/index.php\/2015\/12\/29\/la-difficulte-de-lanalyse-du-travail\/\" \/>\n<meta property=\"og:site_name\" content=\"LaborAgora\" \/>\n<meta property=\"article:published_time\" content=\"2015-12-29T01:06:24+00:00\" \/>\n<meta property=\"article:modified_time\" content=\"2019-07-08T07:38:11+00:00\" \/>\n<meta property=\"og:image\" content=\"https:\/\/laboragora.com\/wp-content\/uploads\/2018\/08\/5419174399_07564b33a6_o-1024x681.jpg\" \/>\n\t<meta property=\"og:image:width\" content=\"1024\" \/>\n\t<meta property=\"og:image:height\" content=\"681\" \/>\n\t<meta property=\"og:image:type\" content=\"image\/jpeg\" \/>\n<meta name=\"author\" content=\"Yann Marchat\" \/>\n<meta name=\"twitter:card\" content=\"summary_large_image\" \/>\n<meta name=\"twitter:creator\" content=\"@LaborAgora\" \/>\n<meta name=\"twitter:site\" content=\"@LaborAgora\" \/>\n<meta name=\"twitter:label1\" content=\"\u00c9crit par\" \/>\n\t<meta name=\"twitter:data1\" content=\"Yann Marchat\" \/>\n\t<meta name=\"twitter:label2\" content=\"Dur\u00e9e de lecture estim\u00e9e\" \/>\n\t<meta name=\"twitter:data2\" content=\"10 minutes\" \/>\n<script type=\"application\/ld+json\" class=\"yoast-schema-graph\">{\"@context\":\"https:\/\/schema.org\",\"@graph\":[{\"@type\":\"Article\",\"@id\":\"https:\/\/laboragora.com\/index.php\/2015\/12\/29\/la-difficulte-de-lanalyse-du-travail\/#article\",\"isPartOf\":{\"@id\":\"https:\/\/laboragora.com\/index.php\/2015\/12\/29\/la-difficulte-de-lanalyse-du-travail\/\"},\"author\":{\"name\":\"Yann Marchat\",\"@id\":\"https:\/\/laboragora.com\/#\/schema\/person\/415041ca6b00c5ca0b857cf35126824f\"},\"headline\":\"La difficult\u00e9 de l&rsquo;analyse du travail\",\"datePublished\":\"2015-12-29T01:06:24+00:00\",\"dateModified\":\"2019-07-08T07:38:11+00:00\",\"mainEntityOfPage\":{\"@id\":\"https:\/\/laboragora.com\/index.php\/2015\/12\/29\/la-difficulte-de-lanalyse-du-travail\/\"},\"wordCount\":2032,\"publisher\":{\"@id\":\"https:\/\/laboragora.com\/#organization\"},\"image\":{\"@id\":\"https:\/\/laboragora.com\/index.php\/2015\/12\/29\/la-difficulte-de-lanalyse-du-travail\/#primaryimage\"},\"thumbnailUrl\":\"https:\/\/laboragora.com\/wp-content\/uploads\/2018\/08\/5419174399_07564b33a6_o.jpg\",\"keywords\":[\"Activit\u00e9\",\"Analyse d'activit\u00e9\",\"analyse de t\u00e2che\",\"Analyse du travail\",\"Formation\",\"t\u00e2che\"],\"articleSection\":[\"Autres regards\",\"Sous la loupe\"],\"inLanguage\":\"fr-FR\"},{\"@type\":\"WebPage\",\"@id\":\"https:\/\/laboragora.com\/index.php\/2015\/12\/29\/la-difficulte-de-lanalyse-du-travail\/\",\"url\":\"https:\/\/laboragora.com\/index.php\/2015\/12\/29\/la-difficulte-de-lanalyse-du-travail\/\",\"name\":\"La difficult\u00e9 de l'analyse du travail - LaborAgora\",\"isPartOf\":{\"@id\":\"https:\/\/laboragora.com\/#website\"},\"primaryImageOfPage\":{\"@id\":\"https:\/\/laboragora.com\/index.php\/2015\/12\/29\/la-difficulte-de-lanalyse-du-travail\/#primaryimage\"},\"image\":{\"@id\":\"https:\/\/laboragora.com\/index.php\/2015\/12\/29\/la-difficulte-de-lanalyse-du-travail\/#primaryimage\"},\"thumbnailUrl\":\"https:\/\/laboragora.com\/wp-content\/uploads\/2018\/08\/5419174399_07564b33a6_o.jpg\",\"datePublished\":\"2015-12-29T01:06:24+00:00\",\"dateModified\":\"2019-07-08T07:38:11+00:00\",\"description\":\"Quelques conseils pour une analyse du travail r\u00e9ussie\",\"breadcrumb\":{\"@id\":\"https:\/\/laboragora.com\/index.php\/2015\/12\/29\/la-difficulte-de-lanalyse-du-travail\/#breadcrumb\"},\"inLanguage\":\"fr-FR\",\"potentialAction\":[{\"@type\":\"ReadAction\",\"target\":[\"https:\/\/laboragora.com\/index.php\/2015\/12\/29\/la-difficulte-de-lanalyse-du-travail\/\"]}]},{\"@type\":\"ImageObject\",\"inLanguage\":\"fr-FR\",\"@id\":\"https:\/\/laboragora.com\/index.php\/2015\/12\/29\/la-difficulte-de-lanalyse-du-travail\/#primaryimage\",\"url\":\"https:\/\/laboragora.com\/wp-content\/uploads\/2018\/08\/5419174399_07564b33a6_o.jpg\",\"contentUrl\":\"https:\/\/laboragora.com\/wp-content\/uploads\/2018\/08\/5419174399_07564b33a6_o.jpg\",\"width\":4256,\"height\":2832,\"caption\":\"Broken gauges on the pump system of a wrecked fire truck in Johnson City, Texas. I would greatly appreciate your vote in the 2011 Photoblog Awards. Thanks! Gallery | Blog | Photoblog | Twitter | Facebook | ImageKind | Getty Images View on black View large on black.\"},{\"@type\":\"BreadcrumbList\",\"@id\":\"https:\/\/laboragora.com\/index.php\/2015\/12\/29\/la-difficulte-de-lanalyse-du-travail\/#breadcrumb\",\"itemListElement\":[{\"@type\":\"ListItem\",\"position\":1,\"name\":\"Accueil\",\"item\":\"https:\/\/laboragora.com\/\"},{\"@type\":\"ListItem\",\"position\":2,\"name\":\"La difficult\u00e9 de l&#8217;analyse du travail\"}]},{\"@type\":\"WebSite\",\"@id\":\"https:\/\/laboragora.com\/#website\",\"url\":\"https:\/\/laboragora.com\/\",\"name\":\"LaborAgora\",\"description\":\"De la recherche scientifique au management\",\"publisher\":{\"@id\":\"https:\/\/laboragora.com\/#organization\"},\"potentialAction\":[{\"@type\":\"SearchAction\",\"target\":{\"@type\":\"EntryPoint\",\"urlTemplate\":\"https:\/\/laboragora.com\/?s={search_term_string}\"},\"query-input\":{\"@type\":\"PropertyValueSpecification\",\"valueRequired\":true,\"valueName\":\"search_term_string\"}}],\"inLanguage\":\"fr-FR\"},{\"@type\":\"Organization\",\"@id\":\"https:\/\/laboragora.com\/#organization\",\"name\":\"LaborAgora\",\"url\":\"https:\/\/laboragora.com\/\",\"logo\":{\"@type\":\"ImageObject\",\"inLanguage\":\"fr-FR\",\"@id\":\"https:\/\/laboragora.com\/#\/schema\/logo\/image\/\",\"url\":\"https:\/\/laboragora.com\/wp-content\/uploads\/2023\/08\/Slide1-1.png\",\"contentUrl\":\"https:\/\/laboragora.com\/wp-content\/uploads\/2023\/08\/Slide1-1.png\",\"width\":2646,\"height\":720,\"caption\":\"LaborAgora\"},\"image\":{\"@id\":\"https:\/\/laboragora.com\/#\/schema\/logo\/image\/\"},\"sameAs\":[\"https:\/\/x.com\/LaborAgora\"]},{\"@type\":\"Person\",\"@id\":\"https:\/\/laboragora.com\/#\/schema\/person\/415041ca6b00c5ca0b857cf35126824f\",\"name\":\"Yann Marchat\",\"image\":{\"@type\":\"ImageObject\",\"inLanguage\":\"fr-FR\",\"@id\":\"https:\/\/laboragora.com\/#\/schema\/person\/image\/\",\"url\":\"https:\/\/secure.gravatar.com\/avatar\/5b557b7949843a0abc6f3cf9c5594b20?s=96&d=mm&r=g\",\"contentUrl\":\"https:\/\/secure.gravatar.com\/avatar\/5b557b7949843a0abc6f3cf9c5594b20?s=96&d=mm&r=g\",\"caption\":\"Yann Marchat\"},\"url\":\"https:\/\/laboragora.com\/index.php\/author\/yann-marchat\/\"}]}<\/script>\n<!-- \/ Yoast SEO plugin. -->","yoast_head_json":{"title":"La difficult\u00e9 de l'analyse du travail - LaborAgora","description":"Quelques conseils pour une analyse du travail r\u00e9ussie","robots":{"index":"index","follow":"follow","max-snippet":"max-snippet:-1","max-image-preview":"max-image-preview:large","max-video-preview":"max-video-preview:-1"},"canonical":"https:\/\/laboragora.com\/index.php\/2015\/12\/29\/la-difficulte-de-lanalyse-du-travail\/","og_locale":"fr_FR","og_type":"article","og_title":"La difficult\u00e9 de l'analyse du travail - LaborAgora","og_description":"Quelques conseils pour une analyse du travail r\u00e9ussie","og_url":"https:\/\/laboragora.com\/index.php\/2015\/12\/29\/la-difficulte-de-lanalyse-du-travail\/","og_site_name":"LaborAgora","article_published_time":"2015-12-29T01:06:24+00:00","article_modified_time":"2019-07-08T07:38:11+00:00","og_image":[{"width":1024,"height":681,"url":"https:\/\/laboragora.com\/wp-content\/uploads\/2018\/08\/5419174399_07564b33a6_o-1024x681.jpg","type":"image\/jpeg"}],"author":"Yann Marchat","twitter_card":"summary_large_image","twitter_creator":"@LaborAgora","twitter_site":"@LaborAgora","twitter_misc":{"\u00c9crit par":"Yann Marchat","Dur\u00e9e de lecture estim\u00e9e":"10 minutes"},"schema":{"@context":"https:\/\/schema.org","@graph":[{"@type":"Article","@id":"https:\/\/laboragora.com\/index.php\/2015\/12\/29\/la-difficulte-de-lanalyse-du-travail\/#article","isPartOf":{"@id":"https:\/\/laboragora.com\/index.php\/2015\/12\/29\/la-difficulte-de-lanalyse-du-travail\/"},"author":{"name":"Yann Marchat","@id":"https:\/\/laboragora.com\/#\/schema\/person\/415041ca6b00c5ca0b857cf35126824f"},"headline":"La difficult\u00e9 de l&rsquo;analyse du travail","datePublished":"2015-12-29T01:06:24+00:00","dateModified":"2019-07-08T07:38:11+00:00","mainEntityOfPage":{"@id":"https:\/\/laboragora.com\/index.php\/2015\/12\/29\/la-difficulte-de-lanalyse-du-travail\/"},"wordCount":2032,"publisher":{"@id":"https:\/\/laboragora.com\/#organization"},"image":{"@id":"https:\/\/laboragora.com\/index.php\/2015\/12\/29\/la-difficulte-de-lanalyse-du-travail\/#primaryimage"},"thumbnailUrl":"https:\/\/laboragora.com\/wp-content\/uploads\/2018\/08\/5419174399_07564b33a6_o.jpg","keywords":["Activit\u00e9","Analyse d'activit\u00e9","analyse de t\u00e2che","Analyse du travail","Formation","t\u00e2che"],"articleSection":["Autres regards","Sous la loupe"],"inLanguage":"fr-FR"},{"@type":"WebPage","@id":"https:\/\/laboragora.com\/index.php\/2015\/12\/29\/la-difficulte-de-lanalyse-du-travail\/","url":"https:\/\/laboragora.com\/index.php\/2015\/12\/29\/la-difficulte-de-lanalyse-du-travail\/","name":"La difficult\u00e9 de l'analyse du travail - LaborAgora","isPartOf":{"@id":"https:\/\/laboragora.com\/#website"},"primaryImageOfPage":{"@id":"https:\/\/laboragora.com\/index.php\/2015\/12\/29\/la-difficulte-de-lanalyse-du-travail\/#primaryimage"},"image":{"@id":"https:\/\/laboragora.com\/index.php\/2015\/12\/29\/la-difficulte-de-lanalyse-du-travail\/#primaryimage"},"thumbnailUrl":"https:\/\/laboragora.com\/wp-content\/uploads\/2018\/08\/5419174399_07564b33a6_o.jpg","datePublished":"2015-12-29T01:06:24+00:00","dateModified":"2019-07-08T07:38:11+00:00","description":"Quelques conseils pour une analyse du travail r\u00e9ussie","breadcrumb":{"@id":"https:\/\/laboragora.com\/index.php\/2015\/12\/29\/la-difficulte-de-lanalyse-du-travail\/#breadcrumb"},"inLanguage":"fr-FR","potentialAction":[{"@type":"ReadAction","target":["https:\/\/laboragora.com\/index.php\/2015\/12\/29\/la-difficulte-de-lanalyse-du-travail\/"]}]},{"@type":"ImageObject","inLanguage":"fr-FR","@id":"https:\/\/laboragora.com\/index.php\/2015\/12\/29\/la-difficulte-de-lanalyse-du-travail\/#primaryimage","url":"https:\/\/laboragora.com\/wp-content\/uploads\/2018\/08\/5419174399_07564b33a6_o.jpg","contentUrl":"https:\/\/laboragora.com\/wp-content\/uploads\/2018\/08\/5419174399_07564b33a6_o.jpg","width":4256,"height":2832,"caption":"Broken gauges on the pump system of a wrecked fire truck in Johnson City, Texas. I would greatly appreciate your vote in the 2011 Photoblog Awards. Thanks! Gallery | Blog | Photoblog | Twitter | Facebook | ImageKind | Getty Images View on black View large on black."},{"@type":"BreadcrumbList","@id":"https:\/\/laboragora.com\/index.php\/2015\/12\/29\/la-difficulte-de-lanalyse-du-travail\/#breadcrumb","itemListElement":[{"@type":"ListItem","position":1,"name":"Accueil","item":"https:\/\/laboragora.com\/"},{"@type":"ListItem","position":2,"name":"La difficult\u00e9 de l&#8217;analyse du travail"}]},{"@type":"WebSite","@id":"https:\/\/laboragora.com\/#website","url":"https:\/\/laboragora.com\/","name":"LaborAgora","description":"De la recherche scientifique au management","publisher":{"@id":"https:\/\/laboragora.com\/#organization"},"potentialAction":[{"@type":"SearchAction","target":{"@type":"EntryPoint","urlTemplate":"https:\/\/laboragora.com\/?s={search_term_string}"},"query-input":{"@type":"PropertyValueSpecification","valueRequired":true,"valueName":"search_term_string"}}],"inLanguage":"fr-FR"},{"@type":"Organization","@id":"https:\/\/laboragora.com\/#organization","name":"LaborAgora","url":"https:\/\/laboragora.com\/","logo":{"@type":"ImageObject","inLanguage":"fr-FR","@id":"https:\/\/laboragora.com\/#\/schema\/logo\/image\/","url":"https:\/\/laboragora.com\/wp-content\/uploads\/2023\/08\/Slide1-1.png","contentUrl":"https:\/\/laboragora.com\/wp-content\/uploads\/2023\/08\/Slide1-1.png","width":2646,"height":720,"caption":"LaborAgora"},"image":{"@id":"https:\/\/laboragora.com\/#\/schema\/logo\/image\/"},"sameAs":["https:\/\/x.com\/LaborAgora"]},{"@type":"Person","@id":"https:\/\/laboragora.com\/#\/schema\/person\/415041ca6b00c5ca0b857cf35126824f","name":"Yann Marchat","image":{"@type":"ImageObject","inLanguage":"fr-FR","@id":"https:\/\/laboragora.com\/#\/schema\/person\/image\/","url":"https:\/\/secure.gravatar.com\/avatar\/5b557b7949843a0abc6f3cf9c5594b20?s=96&d=mm&r=g","contentUrl":"https:\/\/secure.gravatar.com\/avatar\/5b557b7949843a0abc6f3cf9c5594b20?s=96&d=mm&r=g","caption":"Yann Marchat"},"url":"https:\/\/laboragora.com\/index.php\/author\/yann-marchat\/"}]}},"_links":{"self":[{"href":"https:\/\/laboragora.com\/index.php\/wp-json\/wp\/v2\/posts\/393","targetHints":{"allow":["GET"]}}],"collection":[{"href":"https:\/\/laboragora.com\/index.php\/wp-json\/wp\/v2\/posts"}],"about":[{"href":"https:\/\/laboragora.com\/index.php\/wp-json\/wp\/v2\/types\/post"}],"author":[{"embeddable":true,"href":"https:\/\/laboragora.com\/index.php\/wp-json\/wp\/v2\/users\/4"}],"replies":[{"embeddable":true,"href":"https:\/\/laboragora.com\/index.php\/wp-json\/wp\/v2\/comments?post=393"}],"version-history":[{"count":2,"href":"https:\/\/laboragora.com\/index.php\/wp-json\/wp\/v2\/posts\/393\/revisions"}],"predecessor-version":[{"id":1366,"href":"https:\/\/laboragora.com\/index.php\/wp-json\/wp\/v2\/posts\/393\/revisions\/1366"}],"wp:featuredmedia":[{"embeddable":true,"href":"https:\/\/laboragora.com\/index.php\/wp-json\/wp\/v2\/media\/766"}],"wp:attachment":[{"href":"https:\/\/laboragora.com\/index.php\/wp-json\/wp\/v2\/media?parent=393"}],"wp:term":[{"taxonomy":"category","embeddable":true,"href":"https:\/\/laboragora.com\/index.php\/wp-json\/wp\/v2\/categories?post=393"},{"taxonomy":"post_tag","embeddable":true,"href":"https:\/\/laboragora.com\/index.php\/wp-json\/wp\/v2\/tags?post=393"}],"curies":[{"name":"wp","href":"https:\/\/api.w.org\/{rel}","templated":true}]}}