{"id":372,"date":"2015-12-03T13:21:13","date_gmt":"2015-12-03T11:21:13","guid":{"rendered":"http:\/\/laboragora.com\/?p=372"},"modified":"2019-07-08T09:38:26","modified_gmt":"2019-07-08T07:38:26","slug":"le-leadership-un-moteur-pour-linnovation","status":"publish","type":"post","link":"https:\/\/laboragora.com\/index.php\/2015\/12\/03\/le-leadership-un-moteur-pour-linnovation\/","title":{"rendered":"Le leadership, un moteur pour l\u2019innovation ?"},"content":{"rendered":"<p style=\"text-align: justify;\">La cr\u00e9ativit\u00e9 est traditionnellement d\u00e9finie comme la production d\u2019id\u00e9es certes nouvelles, mais aussi utiles \u00e0 l\u2019entreprise<sup>1<\/sup>. Les \u00e9quipes charg\u00e9es d\u2019imaginer des solutions et des produits nouveaux sont intriqu\u00e9es dans ces deux n\u00e9cessit\u00e9s.<\/p>\n<p style=\"text-align: justify;\">Les chercheurs de divers horizons (sciences cognitives, gestion, \u2026) ont souvent pr\u00eat\u00e9s attention aux relations entre les membres de l\u2019\u00e9quipe de projet et leurs impacts sur la cr\u00e9ativit\u00e9. D\u2019autres se sont int\u00e9ress\u00e9es \u00e0 l\u2019effet que pouvait avoir le type de leadership. Mais il en est moins qui, comme nous ici, portent leur attention sur les interactions qui lient le leader \u00e0 son \u00e9quipe de travail et leurs cons\u00e9quences sur la g\u00e9n\u00e9ration d\u2019id\u00e9es innovantes.<\/p>\n<p><!--more--><\/p>\n<h1 style=\"text-align: left;\">Cr\u00e9ativit\u00e9 et incertitude<\/h1>\n<h2 style=\"text-align: left;\">Du manque d\u2019informations \u00e0 l\u2019incertitude cognitive<\/h2>\n<p style=\"text-align: justify;\">Comme nous le disions, ce qui caract\u00e9rise ces id\u00e9es cr\u00e9atives n\u2019est pas seulement leur nouveaut\u00e9, mais \u00e9galement leur utilit\u00e9<sup>1<\/sup>. En cela, la production d\u2019id\u00e9es cr\u00e9atives n\u2019est pas un processus chaotique, mais est au contraire en lien \u00e9troit avec les besoins de l\u2019organisation. Toute id\u00e9e n\u2019est pas \u00e0 m\u00eame de r\u00e9pondre efficacement \u00e0 ces besoins. Il s\u2019agit pour le d\u00e9terminer, d\u2019avoir les informations n\u00e9cessaires. En effet, sans connaissance des opportunit\u00e9s d\u2019utilisation d\u2019une id\u00e9e, le salari\u00e9 ne peut \u00eatre certain de sa pertinence.<\/p>\n<p style=\"text-align: justify;\">Or de nombreux salari\u00e9s, pris par leur travail, n\u2019ont simplement pas le temps d\u2019entretenir correctement des interactions sociales \u00e9labor\u00e9es avec des membres vari\u00e9s de l\u2019organisation, c\u2019est-\u00e0-dire des coll\u00e8gues issus de diff\u00e9rents d\u00e9partements et de diff\u00e9rents niveaux de l\u2019entreprise. De m\u00eame, malgr\u00e9 que les entreprises fassent souvent l\u2019effort de mettre en place des intranets ou des plateformes de transmission de l\u2019information, il reste difficile pour la plupart des salari\u00e9s de s\u2019y investir pleinement. Ainsi, ils peinent \u00e0 en retirer les informations n\u00e9cessaires et ne peuvent avoir acc\u00e8s \u00e0 une vision globale de l\u2019organisation.<\/p>\n<p style=\"text-align: justify;\">Notamment, ils manquent de donn\u00e9es claires et pr\u00e9cises concernant les orientations strat\u00e9giques de leur entreprise ou les productions des autres d\u00e9partements de l\u2019organisation. Cette situation est \u00e0 l\u2019origine d\u2019une certaine incertitude cognitive, puisque les salari\u00e9s ne peuvent \u00e9valuer avec pr\u00e9cision l\u2019utilit\u00e9 de leurs productions pour l\u2019entreprise. Ce ph\u00e9nom\u00e8ne n\u2019est pas sans les stresser. En cons\u00e9quence ce stress incitera \u00e0 davantage de r\u00e9ticences quant \u00e0 la proposition et la mise en place des id\u00e9es cr\u00e9atives<sup>2<\/sup>.<\/p>\n<h2 style=\"text-align: left;\">De la n\u00e9cessit\u00e9 de critique \u00e0 l\u2019incertitude sociale<\/h2>\n<p style=\"text-align: justify;\">Mais les choses ne s\u2019arr\u00eatent pas l\u00e0. En effet, le processus cr\u00e9atif implique notamment un r\u00e9arrangement des informations acquises, mais aussi une \u00e9valuation par le reste de l\u2019\u00e9quipe des id\u00e9es g\u00e9n\u00e9r\u00e9es. Cette approche critique est n\u00e9cessaire pour appr\u00e9cier la qualit\u00e9 d\u2019une id\u00e9e produite, autrement dit pour estimer son originalit\u00e9 et son utilit\u00e9.<\/p>\n<p style=\"text-align: justify;\">N\u00e9anmoins, cette n\u00e9gociation autour des id\u00e9es implique que les interactions sociales ont un impact certain sur la d\u00e9cision de l\u2019\u00e9quipe quant au choix de quelle id\u00e9e sera retenue et quelle autre sera au contraire rejet\u00e9e. Autrement dit, proposer une id\u00e9e induit de l\u2019incertitude sociale quant au fait que les autres acceptent ou non l\u2019id\u00e9e. En cela la mani\u00e8re dont les uns et les autres se traitent aura une influence significative sur l\u2019\u00e9valuation de l\u2019id\u00e9e<sup>3<\/sup>.<\/p>\n<p style=\"text-align: justify;\">Voyons comment le leader peut changer la donne et compenser ces deux formes d\u2019incertitude (cognitive et sociale).<\/p>\n<h1>Le r\u00f4le du leader dans la maitrise l\u2019incertitude<\/h1>\n<h2>Le leader fournisseur d\u2019informations<\/h2>\n<p style=\"text-align: justify;\">Tout d\u2019abord, concentrons-nous sur le r\u00f4le du leader dans la r\u00e9duction de l\u2019incertitude due au manque d\u2019informations.<\/p>\n<p style=\"text-align: justify;\">Le leader, du fait de sa position privil\u00e9gi\u00e9e, a la possibilit\u00e9 d\u2019\u00e9changer \u00e0 la fois avec les membres de l\u2019\u00e9quipe qu\u2019il m\u00e8ne, mais aussi avec les autres leaders de l\u2019entreprise. Cette place particuli\u00e8re fait du leader une pi\u00e8ce centrale du r\u00e9seau social de l\u2019organisation. S\u2019incarnant comme un pivot de la communication, il a acc\u00e8s plus facilement \u00e0 des informations plus vari\u00e9es, puisqu\u2019issues de d\u00e9partements divers de l\u2019entreprise et de diff\u00e9rents niveaux hi\u00e9rarchiques<sup>2<\/sup>. De la sorte et \u00e0 la diff\u00e9rence des membres de son \u00e9quipe, il peut se peindre une vision globale de l\u2019organisation et de ses besoins, ainsi qu\u2019avoir connaissance des relations entre les productions de son \u00e9quipe et celles des autres \u00e9quipes. Sur ce dernier point, il peut faciliter l\u2019\u00e9change d\u2019informations entre les \u00e9quipes de travail.<\/p>\n<p style=\"text-align: justify;\">Cet acc\u00e8s informationnel pr\u00e9sente un fort int\u00e9r\u00eat pour la cr\u00e9ativit\u00e9 de l\u2019\u00e9quipe. En effet, en rebasculant l\u2019information \u00e0 ses membres, le leader lui donne une certaine connaissance des priorit\u00e9s et des besoins g\u00e9n\u00e9raux de l\u2019entreprise. En cons\u00e9quence, ceci leur permet d\u2018atteindre une meilleure ad\u00e9quation entre leurs id\u00e9es nouvelles et ces besoins. En cela, elles deviennent plus pertinentes, autrement dit plus utiles pour l\u2019organisation.<\/p>\n<h2 style=\"text-align: left;\">Le leader garant d\u2019un climat serein<\/h2>\n<p style=\"text-align: justify;\">Comme nous l\u2019avons pr\u00e9c\u00e9demment dit, la n\u00e9gociation autour des id\u00e9es nouvellement produites induits de l\u2019incertitude quant \u00e0 l\u2019acceptation de son id\u00e9e. Or, les interactions sociales entre les salari\u00e9s influencent la mani\u00e8re dont cette n\u00e9gociation se d\u00e9roule. Notons que ces interactions sociales prennent pour base sur les places de chacun, notamment \u00e0 propos des positions hi\u00e9rarchiques et des niveaux d\u2019expertise. C\u2019est particuli\u00e8rement sur ce point que le leader peut jouer pour limiter l\u2019incertitude sociale qui peut naitre de la n\u00e9gociation des id\u00e9es et ainsi favoriser le processus cr\u00e9atif.<\/p>\n<p style=\"text-align: justify;\">En effet, le leader se pr\u00e9sente comme le meneur du groupe et le garant de son identit\u00e9 (voir <a href=\"https:\/\/laboragora.com\/index.php\/2015\/08\/27\/le-leader-artisan-de-lidentite-du-groupe\/\">Le leader, artisan de l&rsquo;identit\u00e9 du groupe<\/a> du m\u00eame auteur). En cela, il s\u2019incarne comme la clef de voute du climat sociale qui y r\u00e8gne. Or, il a tout int\u00e9r\u00eat \u00e0 garantir un climat serein, \u00e0 m\u00eame de permettre des interactions sociales de haute qualit\u00e9 et ainsi de r\u00e9duire la peur de rejet lors de la proposition d\u2019une id\u00e9e nouvelle et de garantir l\u2019estime de soi de chacun.<\/p>\n<p style=\"text-align: justify;\">Certains auteurs, comme Stephens et Carmeli<sup>3<\/sup> encouragent particuli\u00e8rement \u00e0 favoriser une autorit\u00e9 moins formelle du leader, ainsi qu\u2019une structure sociale plus \u00ab&nbsp;plate&nbsp;\u00bb et \u00ab&nbsp;\u00e9galitaire&nbsp;\u00bb au sein de l\u2019\u00e9quipe et de ses relations de travail imm\u00e9diates. Ceci incite les salari\u00e9s \u00e0 porter moins d\u2019attention aux niveaux d\u2019expertise et aux diff\u00e9rences hi\u00e9rarchiques. Une telle situation favorise l\u2019\u00e9change libre d\u2019informations et ouvre \u00e0 des id\u00e9es plus originales et plus utiles. Afin d\u2019amener un tel climat, il convient d\u2019encourager \u00e0 davantage d\u2019harmonie, c\u2019est-\u00e0-dire \u00e0 des interactions sociales fortes d\u2019un engagement dans le respect mutuel et la bienveillance.<\/p>\n<p style=\"text-align: justify;\">En cons\u00e9quence, un tel climat r\u00e9duit la r\u00e9ticence \u00e0 proposer des id\u00e9es nouvelles, notamment lorsqu\u2019elles sont le radicalement. Il favorise \u00e9galement le partage d\u2019informations, b\u00e9n\u00e9fique \u00e0 la production de solutions \u00e0 la fois originales et utiles.<\/p>\n<h1 style=\"text-align: left;\">Conclusion<\/h1>\n<p style=\"text-align: justify;\">La production d\u2019id\u00e9es cr\u00e9atives g\u00e9n\u00e8re de l\u2019incertitude, d\u2019une part car les salari\u00e9s ne peuvent obtenir autant d\u2019informations qu\u2019ils en ont besoin, et d\u2019autre part du fait de la n\u00e9gociation n\u00e9cessaire autour de la pertinence et de l\u2019originalit\u00e9 de ces id\u00e9es. N\u00e9anmoins, le leader est \u00e0 m\u00eame r\u00e9pondre \u00e0 ces formes d\u2019incertitude cognitive et sociale. En effet, par sa position privil\u00e9gi\u00e9e dans le r\u00e9seau social de communication, il a acc\u00e8s \u00e0 des informations plus vari\u00e9es qu\u2019il peut redonner aux membres de son \u00e9quipe, permettant ainsi la production d\u2019id\u00e9es plus pertinentes et utiles, mais aussi plus originales. De m\u00eame, il est garant du climat social r\u00e9gnant dans et autour de l\u2019\u00e9quipe, ouvrant ainsi \u00e0 un meilleur partage de l\u2019information et \u00e0 une moindre r\u00e9ticence \u00e0 la proposition d\u2019id\u00e9es radicalement nouvelles.<\/p>\n<p style=\"text-align: justify;\">Ainsi, le leader s\u2019incarne comme la clef de voute de la production d\u2019id\u00e9es cr\u00e9atives, c\u2019est-\u00e0-dire d\u2019id\u00e9es originales et utiles. Par son action ax\u00e9e sur l\u2019\u00e9tablissement des interactions sociales favorables et d\u2019un flux d\u2019informations de qualit\u00e9, il est \u00e0 m\u00eame d\u2019avoir un impact fort sur la cr\u00e9ativit\u00e9. Ainsi, la prise en compte de son r\u00f4le majeur dans le processus d\u2019innovation de l\u2019entreprise est essentiel.<\/p>\n<h1 style=\"text-align: left;\">R\u00e9f\u00e9rences<\/h1>\n<ol>\n<li style=\"text-align: justify;\"><a href=\"Amabile,%20T. M. (1988). A model of creativity and innovation in organizations. Research in organizational behavior, 10(1), 123-167.\">Amabile, T. M. (1988). A model of creativity and innovation in organizations. <em>Research in organizational behavior<\/em>, <em>10<\/em>(1), 123-167.<\/a><\/li>\n<li style=\"text-align: justify;\"><a href=\"https:\/\/www.repository.cam.ac.uk\/bitstream\/handle\/1810\/247987\/Venkataramani%20et%20al%202014%20Journal%20of%20Applied%20Psychology.pdf?sequence=1\">Venkataramani, V., Richter, A. W., &amp; Clarke, R. (2014). Creative benefits from well-connected leaders: Leader social network ties as facilitators of employee radical creativity. <em>Journal of Applied Psychology<\/em>, <em>99<\/em>(5), 966.<\/a><\/li>\n<li style=\"text-align: justify;\"><a href=\"https:\/\/www.researchgate.net\/publication\/283291294_Relational_Leadership_and_Creativity_The_Effects_of_Respectful_Engagement_and_Caring_on_Meaningfulness_and_Creative_Work_Involvement\">Stephens, J.P., &amp; Carmeli, A. (2015). Relational Leadership and Creativity: The Effects of Respectful Engagement and Caring on Meaningfulness and Creative Work Involvement. In S. Hemlin &amp; M. D. Mumford (Eds.), <em>Handbook of Research on Creativity and Leadership<\/em>. Edward Elgar Publishing. Forthcoming<\/a><\/li>\n<\/ol>\n","protected":false},"excerpt":{"rendered":"<p>La cr\u00e9ativit\u00e9 est traditionnellement d\u00e9finie comme la production d\u2019id\u00e9es certes nouvelles, mais aussi utiles \u00e0 l\u2019entreprise1. Les \u00e9quipes charg\u00e9es d\u2019imaginer des solutions et des produits &hellip; <\/p>\n","protected":false},"author":2,"featured_media":1074,"comment_status":"closed","ping_status":"closed","sticky":false,"template":"","format":"standard","meta":{"footnotes":""},"categories":[4],"tags":[17,27,37,46,48,52,53,55],"class_list":["post-372","post","type-post","status-publish","format-standard","has-post-thumbnail","hentry","category-performance-collective","tag-cohesion","tag-creativite","tag-equipe","tag-groupe","tag-innovation","tag-leader","tag-leadership","tag-management"],"yoast_head":"<!-- This site is optimized with the Yoast SEO plugin v25.5 - https:\/\/yoast.com\/wordpress\/plugins\/seo\/ -->\n<title>Le leadership, un moteur pour l\u2019innovation ? - LaborAgora<\/title>\n<meta name=\"description\" content=\"Le leader joue un r\u00f4le central pour la cr\u00e9ativit\u00e9 de son \u00e9quipe de travail et l&#039;innovation de l&#039;entreprise.\" \/>\n<meta name=\"robots\" content=\"index, follow, max-snippet:-1, max-image-preview:large, max-video-preview:-1\" \/>\n<link rel=\"canonical\" href=\"https:\/\/laboragora.com\/index.php\/2015\/12\/03\/le-leadership-un-moteur-pour-linnovation\/\" \/>\n<meta property=\"og:locale\" content=\"fr_FR\" \/>\n<meta property=\"og:type\" content=\"article\" \/>\n<meta property=\"og:title\" content=\"Le leadership, un moteur pour l\u2019innovation ? - LaborAgora\" \/>\n<meta property=\"og:description\" content=\"Le leader joue un r\u00f4le central pour la cr\u00e9ativit\u00e9 de son \u00e9quipe de travail et l&#039;innovation de l&#039;entreprise.\" \/>\n<meta property=\"og:url\" content=\"https:\/\/laboragora.com\/index.php\/2015\/12\/03\/le-leadership-un-moteur-pour-linnovation\/\" \/>\n<meta property=\"og:site_name\" content=\"LaborAgora\" \/>\n<meta property=\"article:published_time\" content=\"2015-12-03T11:21:13+00:00\" \/>\n<meta property=\"article:modified_time\" content=\"2019-07-08T07:38:26+00:00\" \/>\n<meta property=\"og:image\" content=\"https:\/\/laboragora.com\/wp-content\/uploads\/2015\/12\/abstract-ai-art-355948.jpg\" \/>\n\t<meta property=\"og:image:width\" content=\"2400\" \/>\n\t<meta property=\"og:image:height\" content=\"1459\" \/>\n\t<meta property=\"og:image:type\" content=\"image\/jpeg\" \/>\n<meta name=\"author\" content=\"Benjamin Pastorelli\" \/>\n<meta name=\"twitter:card\" content=\"summary_large_image\" \/>\n<meta name=\"twitter:creator\" content=\"@BFPastorelli\" \/>\n<meta name=\"twitter:site\" content=\"@LaborAgora\" \/>\n<meta name=\"twitter:label1\" content=\"\u00c9crit par\" \/>\n\t<meta name=\"twitter:data1\" content=\"Benjamin Pastorelli\" \/>\n\t<meta name=\"twitter:label2\" content=\"Dur\u00e9e de lecture estim\u00e9e\" \/>\n\t<meta name=\"twitter:data2\" content=\"8 minutes\" \/>\n<script type=\"application\/ld+json\" class=\"yoast-schema-graph\">{\"@context\":\"https:\/\/schema.org\",\"@graph\":[{\"@type\":\"Article\",\"@id\":\"https:\/\/laboragora.com\/index.php\/2015\/12\/03\/le-leadership-un-moteur-pour-linnovation\/#article\",\"isPartOf\":{\"@id\":\"https:\/\/laboragora.com\/index.php\/2015\/12\/03\/le-leadership-un-moteur-pour-linnovation\/\"},\"author\":{\"name\":\"Benjamin Pastorelli\",\"@id\":\"https:\/\/laboragora.com\/#\/schema\/person\/903c73d6caff08cceb95a301a1521f12\"},\"headline\":\"Le leadership, un moteur pour l\u2019innovation ?\",\"datePublished\":\"2015-12-03T11:21:13+00:00\",\"dateModified\":\"2019-07-08T07:38:26+00:00\",\"mainEntityOfPage\":{\"@id\":\"https:\/\/laboragora.com\/index.php\/2015\/12\/03\/le-leadership-un-moteur-pour-linnovation\/\"},\"wordCount\":1569,\"publisher\":{\"@id\":\"https:\/\/laboragora.com\/#organization\"},\"image\":{\"@id\":\"https:\/\/laboragora.com\/index.php\/2015\/12\/03\/le-leadership-un-moteur-pour-linnovation\/#primaryimage\"},\"thumbnailUrl\":\"https:\/\/laboragora.com\/wp-content\/uploads\/2015\/12\/abstract-ai-art-355948.jpg\",\"keywords\":[\"Coh\u00e9sion\",\"Cr\u00e9ativit\u00e9\",\"\u00c9quipe\",\"Groupe\",\"Innovation\",\"Leader\",\"Leadership\",\"Management\"],\"articleSection\":[\"Performance collective\"],\"inLanguage\":\"fr-FR\"},{\"@type\":\"WebPage\",\"@id\":\"https:\/\/laboragora.com\/index.php\/2015\/12\/03\/le-leadership-un-moteur-pour-linnovation\/\",\"url\":\"https:\/\/laboragora.com\/index.php\/2015\/12\/03\/le-leadership-un-moteur-pour-linnovation\/\",\"name\":\"Le leadership, un moteur pour l\u2019innovation ? - LaborAgora\",\"isPartOf\":{\"@id\":\"https:\/\/laboragora.com\/#website\"},\"primaryImageOfPage\":{\"@id\":\"https:\/\/laboragora.com\/index.php\/2015\/12\/03\/le-leadership-un-moteur-pour-linnovation\/#primaryimage\"},\"image\":{\"@id\":\"https:\/\/laboragora.com\/index.php\/2015\/12\/03\/le-leadership-un-moteur-pour-linnovation\/#primaryimage\"},\"thumbnailUrl\":\"https:\/\/laboragora.com\/wp-content\/uploads\/2015\/12\/abstract-ai-art-355948.jpg\",\"datePublished\":\"2015-12-03T11:21:13+00:00\",\"dateModified\":\"2019-07-08T07:38:26+00:00\",\"description\":\"Le leader joue un r\u00f4le central pour la cr\u00e9ativit\u00e9 de son \u00e9quipe de travail et l'innovation de l'entreprise.\",\"breadcrumb\":{\"@id\":\"https:\/\/laboragora.com\/index.php\/2015\/12\/03\/le-leadership-un-moteur-pour-linnovation\/#breadcrumb\"},\"inLanguage\":\"fr-FR\",\"potentialAction\":[{\"@type\":\"ReadAction\",\"target\":[\"https:\/\/laboragora.com\/index.php\/2015\/12\/03\/le-leadership-un-moteur-pour-linnovation\/\"]}]},{\"@type\":\"ImageObject\",\"inLanguage\":\"fr-FR\",\"@id\":\"https:\/\/laboragora.com\/index.php\/2015\/12\/03\/le-leadership-un-moteur-pour-linnovation\/#primaryimage\",\"url\":\"https:\/\/laboragora.com\/wp-content\/uploads\/2015\/12\/abstract-ai-art-355948.jpg\",\"contentUrl\":\"https:\/\/laboragora.com\/wp-content\/uploads\/2015\/12\/abstract-ai-art-355948.jpg\",\"width\":2400,\"height\":1459},{\"@type\":\"BreadcrumbList\",\"@id\":\"https:\/\/laboragora.com\/index.php\/2015\/12\/03\/le-leadership-un-moteur-pour-linnovation\/#breadcrumb\",\"itemListElement\":[{\"@type\":\"ListItem\",\"position\":1,\"name\":\"Accueil\",\"item\":\"https:\/\/laboragora.com\/\"},{\"@type\":\"ListItem\",\"position\":2,\"name\":\"Le leadership, un moteur pour l\u2019innovation ?\"}]},{\"@type\":\"WebSite\",\"@id\":\"https:\/\/laboragora.com\/#website\",\"url\":\"https:\/\/laboragora.com\/\",\"name\":\"LaborAgora\",\"description\":\"De la recherche scientifique au management\",\"publisher\":{\"@id\":\"https:\/\/laboragora.com\/#organization\"},\"potentialAction\":[{\"@type\":\"SearchAction\",\"target\":{\"@type\":\"EntryPoint\",\"urlTemplate\":\"https:\/\/laboragora.com\/?s={search_term_string}\"},\"query-input\":{\"@type\":\"PropertyValueSpecification\",\"valueRequired\":true,\"valueName\":\"search_term_string\"}}],\"inLanguage\":\"fr-FR\"},{\"@type\":\"Organization\",\"@id\":\"https:\/\/laboragora.com\/#organization\",\"name\":\"LaborAgora\",\"url\":\"https:\/\/laboragora.com\/\",\"logo\":{\"@type\":\"ImageObject\",\"inLanguage\":\"fr-FR\",\"@id\":\"https:\/\/laboragora.com\/#\/schema\/logo\/image\/\",\"url\":\"https:\/\/laboragora.com\/wp-content\/uploads\/2023\/08\/Slide1-1.png\",\"contentUrl\":\"https:\/\/laboragora.com\/wp-content\/uploads\/2023\/08\/Slide1-1.png\",\"width\":2646,\"height\":720,\"caption\":\"LaborAgora\"},\"image\":{\"@id\":\"https:\/\/laboragora.com\/#\/schema\/logo\/image\/\"},\"sameAs\":[\"https:\/\/x.com\/LaborAgora\"]},{\"@type\":\"Person\",\"@id\":\"https:\/\/laboragora.com\/#\/schema\/person\/903c73d6caff08cceb95a301a1521f12\",\"name\":\"Benjamin Pastorelli\",\"image\":{\"@type\":\"ImageObject\",\"inLanguage\":\"fr-FR\",\"@id\":\"https:\/\/laboragora.com\/#\/schema\/person\/image\/\",\"url\":\"https:\/\/secure.gravatar.com\/avatar\/e805cffd603773d5a4754cbab9f483dc?s=96&d=mm&r=g\",\"contentUrl\":\"https:\/\/secure.gravatar.com\/avatar\/e805cffd603773d5a4754cbab9f483dc?s=96&d=mm&r=g\",\"caption\":\"Benjamin Pastorelli\"},\"description\":\"Benjamin est docteur en psychologie. Il a enseign\u00e9 les sciences sociales et cognitives \u00e0 l'universit\u00e9 en France, en Suisse et en Irlande. Son expertise se centre autour de la diversit\u00e9, de l'inclusion, des discriminations et de l'interculturalit\u00e9. Il \u0153uvre pour la mise en valeur des diff\u00e9rences et la lutte contre les discriminations. Benjamin est aussi vulgarisateur scientifique et blogueur depuis de nombreuses ann\u00e9es.\",\"sameAs\":[\"https:\/\/www.linkedin.com\/in\/bfpastorelli\/\",\"https:\/\/x.com\/BFPastorelli\"],\"url\":\"https:\/\/laboragora.com\/index.php\/author\/benjamin-pastorelli\/\"}]}<\/script>\n<!-- \/ Yoast SEO plugin. -->","yoast_head_json":{"title":"Le leadership, un moteur pour l\u2019innovation ? - LaborAgora","description":"Le leader joue un r\u00f4le central pour la cr\u00e9ativit\u00e9 de son \u00e9quipe de travail et l'innovation de l'entreprise.","robots":{"index":"index","follow":"follow","max-snippet":"max-snippet:-1","max-image-preview":"max-image-preview:large","max-video-preview":"max-video-preview:-1"},"canonical":"https:\/\/laboragora.com\/index.php\/2015\/12\/03\/le-leadership-un-moteur-pour-linnovation\/","og_locale":"fr_FR","og_type":"article","og_title":"Le leadership, un moteur pour l\u2019innovation ? - LaborAgora","og_description":"Le leader joue un r\u00f4le central pour la cr\u00e9ativit\u00e9 de son \u00e9quipe de travail et l'innovation de l'entreprise.","og_url":"https:\/\/laboragora.com\/index.php\/2015\/12\/03\/le-leadership-un-moteur-pour-linnovation\/","og_site_name":"LaborAgora","article_published_time":"2015-12-03T11:21:13+00:00","article_modified_time":"2019-07-08T07:38:26+00:00","og_image":[{"width":2400,"height":1459,"url":"https:\/\/laboragora.com\/wp-content\/uploads\/2015\/12\/abstract-ai-art-355948.jpg","type":"image\/jpeg"}],"author":"Benjamin Pastorelli","twitter_card":"summary_large_image","twitter_creator":"@BFPastorelli","twitter_site":"@LaborAgora","twitter_misc":{"\u00c9crit par":"Benjamin Pastorelli","Dur\u00e9e de lecture estim\u00e9e":"8 minutes"},"schema":{"@context":"https:\/\/schema.org","@graph":[{"@type":"Article","@id":"https:\/\/laboragora.com\/index.php\/2015\/12\/03\/le-leadership-un-moteur-pour-linnovation\/#article","isPartOf":{"@id":"https:\/\/laboragora.com\/index.php\/2015\/12\/03\/le-leadership-un-moteur-pour-linnovation\/"},"author":{"name":"Benjamin Pastorelli","@id":"https:\/\/laboragora.com\/#\/schema\/person\/903c73d6caff08cceb95a301a1521f12"},"headline":"Le leadership, un moteur pour l\u2019innovation ?","datePublished":"2015-12-03T11:21:13+00:00","dateModified":"2019-07-08T07:38:26+00:00","mainEntityOfPage":{"@id":"https:\/\/laboragora.com\/index.php\/2015\/12\/03\/le-leadership-un-moteur-pour-linnovation\/"},"wordCount":1569,"publisher":{"@id":"https:\/\/laboragora.com\/#organization"},"image":{"@id":"https:\/\/laboragora.com\/index.php\/2015\/12\/03\/le-leadership-un-moteur-pour-linnovation\/#primaryimage"},"thumbnailUrl":"https:\/\/laboragora.com\/wp-content\/uploads\/2015\/12\/abstract-ai-art-355948.jpg","keywords":["Coh\u00e9sion","Cr\u00e9ativit\u00e9","\u00c9quipe","Groupe","Innovation","Leader","Leadership","Management"],"articleSection":["Performance collective"],"inLanguage":"fr-FR"},{"@type":"WebPage","@id":"https:\/\/laboragora.com\/index.php\/2015\/12\/03\/le-leadership-un-moteur-pour-linnovation\/","url":"https:\/\/laboragora.com\/index.php\/2015\/12\/03\/le-leadership-un-moteur-pour-linnovation\/","name":"Le leadership, un moteur pour l\u2019innovation ? - LaborAgora","isPartOf":{"@id":"https:\/\/laboragora.com\/#website"},"primaryImageOfPage":{"@id":"https:\/\/laboragora.com\/index.php\/2015\/12\/03\/le-leadership-un-moteur-pour-linnovation\/#primaryimage"},"image":{"@id":"https:\/\/laboragora.com\/index.php\/2015\/12\/03\/le-leadership-un-moteur-pour-linnovation\/#primaryimage"},"thumbnailUrl":"https:\/\/laboragora.com\/wp-content\/uploads\/2015\/12\/abstract-ai-art-355948.jpg","datePublished":"2015-12-03T11:21:13+00:00","dateModified":"2019-07-08T07:38:26+00:00","description":"Le leader joue un r\u00f4le central pour la cr\u00e9ativit\u00e9 de son \u00e9quipe de travail et l'innovation de l'entreprise.","breadcrumb":{"@id":"https:\/\/laboragora.com\/index.php\/2015\/12\/03\/le-leadership-un-moteur-pour-linnovation\/#breadcrumb"},"inLanguage":"fr-FR","potentialAction":[{"@type":"ReadAction","target":["https:\/\/laboragora.com\/index.php\/2015\/12\/03\/le-leadership-un-moteur-pour-linnovation\/"]}]},{"@type":"ImageObject","inLanguage":"fr-FR","@id":"https:\/\/laboragora.com\/index.php\/2015\/12\/03\/le-leadership-un-moteur-pour-linnovation\/#primaryimage","url":"https:\/\/laboragora.com\/wp-content\/uploads\/2015\/12\/abstract-ai-art-355948.jpg","contentUrl":"https:\/\/laboragora.com\/wp-content\/uploads\/2015\/12\/abstract-ai-art-355948.jpg","width":2400,"height":1459},{"@type":"BreadcrumbList","@id":"https:\/\/laboragora.com\/index.php\/2015\/12\/03\/le-leadership-un-moteur-pour-linnovation\/#breadcrumb","itemListElement":[{"@type":"ListItem","position":1,"name":"Accueil","item":"https:\/\/laboragora.com\/"},{"@type":"ListItem","position":2,"name":"Le leadership, un moteur pour l\u2019innovation ?"}]},{"@type":"WebSite","@id":"https:\/\/laboragora.com\/#website","url":"https:\/\/laboragora.com\/","name":"LaborAgora","description":"De la recherche scientifique au management","publisher":{"@id":"https:\/\/laboragora.com\/#organization"},"potentialAction":[{"@type":"SearchAction","target":{"@type":"EntryPoint","urlTemplate":"https:\/\/laboragora.com\/?s={search_term_string}"},"query-input":{"@type":"PropertyValueSpecification","valueRequired":true,"valueName":"search_term_string"}}],"inLanguage":"fr-FR"},{"@type":"Organization","@id":"https:\/\/laboragora.com\/#organization","name":"LaborAgora","url":"https:\/\/laboragora.com\/","logo":{"@type":"ImageObject","inLanguage":"fr-FR","@id":"https:\/\/laboragora.com\/#\/schema\/logo\/image\/","url":"https:\/\/laboragora.com\/wp-content\/uploads\/2023\/08\/Slide1-1.png","contentUrl":"https:\/\/laboragora.com\/wp-content\/uploads\/2023\/08\/Slide1-1.png","width":2646,"height":720,"caption":"LaborAgora"},"image":{"@id":"https:\/\/laboragora.com\/#\/schema\/logo\/image\/"},"sameAs":["https:\/\/x.com\/LaborAgora"]},{"@type":"Person","@id":"https:\/\/laboragora.com\/#\/schema\/person\/903c73d6caff08cceb95a301a1521f12","name":"Benjamin Pastorelli","image":{"@type":"ImageObject","inLanguage":"fr-FR","@id":"https:\/\/laboragora.com\/#\/schema\/person\/image\/","url":"https:\/\/secure.gravatar.com\/avatar\/e805cffd603773d5a4754cbab9f483dc?s=96&d=mm&r=g","contentUrl":"https:\/\/secure.gravatar.com\/avatar\/e805cffd603773d5a4754cbab9f483dc?s=96&d=mm&r=g","caption":"Benjamin Pastorelli"},"description":"Benjamin est docteur en psychologie. Il a enseign\u00e9 les sciences sociales et cognitives \u00e0 l'universit\u00e9 en France, en Suisse et en Irlande. Son expertise se centre autour de la diversit\u00e9, de l'inclusion, des discriminations et de l'interculturalit\u00e9. Il \u0153uvre pour la mise en valeur des diff\u00e9rences et la lutte contre les discriminations. Benjamin est aussi vulgarisateur scientifique et blogueur depuis de nombreuses ann\u00e9es.","sameAs":["https:\/\/www.linkedin.com\/in\/bfpastorelli\/","https:\/\/x.com\/BFPastorelli"],"url":"https:\/\/laboragora.com\/index.php\/author\/benjamin-pastorelli\/"}]}},"_links":{"self":[{"href":"https:\/\/laboragora.com\/index.php\/wp-json\/wp\/v2\/posts\/372","targetHints":{"allow":["GET"]}}],"collection":[{"href":"https:\/\/laboragora.com\/index.php\/wp-json\/wp\/v2\/posts"}],"about":[{"href":"https:\/\/laboragora.com\/index.php\/wp-json\/wp\/v2\/types\/post"}],"author":[{"embeddable":true,"href":"https:\/\/laboragora.com\/index.php\/wp-json\/wp\/v2\/users\/2"}],"replies":[{"embeddable":true,"href":"https:\/\/laboragora.com\/index.php\/wp-json\/wp\/v2\/comments?post=372"}],"version-history":[{"count":2,"href":"https:\/\/laboragora.com\/index.php\/wp-json\/wp\/v2\/posts\/372\/revisions"}],"predecessor-version":[{"id":1367,"href":"https:\/\/laboragora.com\/index.php\/wp-json\/wp\/v2\/posts\/372\/revisions\/1367"}],"wp:featuredmedia":[{"embeddable":true,"href":"https:\/\/laboragora.com\/index.php\/wp-json\/wp\/v2\/media\/1074"}],"wp:attachment":[{"href":"https:\/\/laboragora.com\/index.php\/wp-json\/wp\/v2\/media?parent=372"}],"wp:term":[{"taxonomy":"category","embeddable":true,"href":"https:\/\/laboragora.com\/index.php\/wp-json\/wp\/v2\/categories?post=372"},{"taxonomy":"post_tag","embeddable":true,"href":"https:\/\/laboragora.com\/index.php\/wp-json\/wp\/v2\/tags?post=372"}],"curies":[{"name":"wp","href":"https:\/\/api.w.org\/{rel}","templated":true}]}}