{"id":298,"date":"2015-10-06T14:33:24","date_gmt":"2015-10-06T12:33:24","guid":{"rendered":"http:\/\/laboragora.com\/?p=298"},"modified":"2020-03-09T11:05:06","modified_gmt":"2020-03-09T10:05:06","slug":"les-quotas-a-lembauche-aident-ils-vraiment","status":"publish","type":"post","link":"https:\/\/laboragora.com\/index.php\/2015\/10\/06\/les-quotas-a-lembauche-aident-ils-vraiment\/","title":{"rendered":"Les quotas \u00e0 l\u2019embauche aident-ils vraiment ? Le cas de l&#8217;emploi des femmes"},"content":{"rendered":"\n<p>Comme nous l\u2019avons vu <a href=\"https:\/\/laboragora.com\/index.php\/2015\/09\/07\/mixite-nous-avons-aussi-besoin-des-femmes-en-entreprise\/\">dans un pr\u00e9c\u00e9dent article<\/a>, les femmes apportent un r\u00e9el b\u00e9n\u00e9fice aux entreprises. Les \u00e9tudes qui se sont port\u00e9es sur cette question ont remarqu\u00e9 que le nombre de femmes dans l\u2019\u00e9quipe de travail devait \u00eatre suffisant pour qu\u2019elles puissent exprimer leur avis et que leur bonne influence sur la performance apparaisse.<\/p>\n\n\n\n<p>Alors, quel est ce fameux nombre, dont parlent les chercheur.se.s et \u00e0 partir duquel apparait l\u2019avantage d\u2019avoir des femmes dans son \u00e9quipe\u00a0? Et s\u2019il existe, la mise en place de quotas peut-elle vraiment \u00eatre b\u00e9n\u00e9fique\u00a0?<\/p>\n\n\n\n<h1 class=\"wp-block-heading\">A la recherche du nombre magique<\/h1>\n\n\n\n<p>Avant d&rsquo;aller plus loin, faisons un peu de th\u00e9orie. L\u2019\u00e9quipe de travail se pr\u00e9sente en elle-m\u00eame comme un groupe, mais celui-ci est rarement homog\u00e8ne. En effet, il peut se diviser en plusieurs sous-groupes du fait de facteurs psychosociaux comme la cat\u00e9gorisation sociale. Ce processus cognitif nous incite \u00e0 classer les autres et nous-m\u00eame en cat\u00e9gories, chacune affubl\u00e9es de st\u00e9r\u00e9otypes, afin de simplifier notre environnement. Par ce proc\u00e9d\u00e9, le groupe se d\u00e9coupera le plus souvent en deux sous-groupes, l\u2019un majoritaire, l\u2019autre minoritaire. Dans les \u00e9quipes de travail actuelles, il s\u2019agit fr\u00e9quemment d\u2019une majorit\u00e9 d\u2019hommes et d\u2019une minorit\u00e9 de femmes. La question se pose alors de savoir quelle taille doit avoir cette minorit\u00e9 pour g\u00e9n\u00e9rer un effet positif sur la performance. En d\u2019autres termes, \u00e0 partir de quel seuil la minorit\u00e9 f\u00e9minine est suffisamment grande pour exprimer son point de vue\u00a0?<\/p>\n\n\n\n<p>La r\u00e9ponse des chercheur.se.s est simple\u00a0: trois\u00a0!<\/p>\n\n\n\n<p>Aussi incongru que cela puisse paraitre, plusieurs \u00e9tudes montrent que les femmes permettent d\u2019augmenter la performance si elles sont au moins trois<sup>1<\/sup>. En effet, c\u2019est \u00e0 partir de ce stade qu\u2019elles peuvent vraiment exprimer leur point de vue. Une fois ce niveau d\u00e9pass\u00e9, les femmes am\u00e9liorent la qualit\u00e9 de la prise de d\u00e9cision, ce qui b\u00e9n\u00e9ficie \u00e0 l\u2019innovation de l\u2019organisation et \u00e0 la rentabilit\u00e9 de ses capitaux. Ce \u00ab\u00a0nombre magique\u00a0\u00bb a \u00e9t\u00e9 trouv\u00e9 en Europe, en Am\u00e9rique du Nord et plus r\u00e9cemment en Asie<sup>2<\/sup>. Il se montre aussi robuste aux diff\u00e9rences de mesures.<\/p>\n\n\n\n<p>Si la pr\u00e9sence d\u2019au moins trois femmes dans les \u00e9quipes b\u00e9n\u00e9ficie \u00e0 la performance, pourquoi ne pas la rendre obligatoire\u00a0? Cela rejoindrait en tout cas certaines propositions politiques, comme celles visant \u00e0 l\u2019instauration de quotas. C\u2019est le cas en France de la loi Cop\u00e9-Zimmerman de 2011 qui pr\u00e9voit un quota de 40% de femmes dans les conseils d\u2019administration en 2017. De m\u00eame, l\u2019Union Europ\u00e9enne envisage d\u2019atteindre ce taux d\u2019ici 2020 dans ses entreprises. Mais la question est loin d\u2019\u00eatre simple et ces quotas posent plus qu\u2019une question morale.<\/p>\n\n\n\n<h1 class=\"wp-block-heading\">De la bonne intention \u00e0 la perte de performance<\/h1>\n\n\n\n<p>En effet, comme le sugg\u00e9rait Karen J. Curtin, vice-pr\u00e9sidente de la Bank of America\u00a0: le d\u00e9bat se porte davantage \u00ab\u00a0entre ceux qui pensent que nous devrions \u00eatre plus divers parce que c\u2019est la bonne chose \u00e0 faire, et ceux qui pensent que nous devrions l\u2019\u00eatre parce que ceci augmente vraiment la valeur pour les actionnaires. A part si nous consid\u00e9rons le deuxi\u00e8me propos, et que les gens croient en lui, nous n\u2019aurons que du \u201ctokenism\u201d\u00a0\u00bb (recueillis par Brancato et Patterson, 1999<sup>3<\/sup>). Ce \u00ab\u00a0tokenism\u00a0\u00bb, dont parlent les anglophones, d\u00e9finit la pratique d\u2019int\u00e9grer une personne issue d\u2019une minorit\u00e9 dans un groupe majoritaire (par exemple : embaucher une femme dans une \u00e9quipe traditionnellement masculine), afin de donner l\u2019apparence de la diversit\u00e9 et de l\u2019int\u00e9gration sociale. En d\u2019autres termes, il s\u2019agit d\u2019embaucher une personne avant tout parce qu\u2019elle fait partie d\u2019une cat\u00e9gorie sociale particuli\u00e8re (ex\u00a0: femme, personne noire, handicap\u00e9e, etc\u2026), mais pas pour ses comp\u00e9tences.<\/p>\n\n\n\n<p>Si l\u2019action peut paraitre louable, en \u00ab\u00a0for\u00e7ant\u00a0\u00bb l\u2019\u00e9galit\u00e9 des sexes dans les entreprises, ses cons\u00e9quences peuvent \u00eatre plus sombres. En effet, les \u00e9tudes montrent que les femmes am\u00e9liorent la performance des entreprises, mais que cette b\u00e9n\u00e9diction f\u00e9minine se transforme en fardeau si leur pr\u00e9sence est contrainte\u00a0!<sup>4<\/sup> Concernant les \u00e9quipes dirigeantes des entreprises, Ahern et Dittmar<sup>5<\/sup> sugg\u00e8rent que les femmes embauch\u00e9es sous raison de quota sont souvent plus jeunes et ont ainsi moins d\u2019exp\u00e9riences que leurs coll\u00e8gues masculins.<\/p>\n\n\n\n<p>Mais d\u2019autres ph\u00e9nom\u00e8nes viennent assombrir l\u2019apport pourtant positif des femmes aux entreprises. En effet, lorsqu\u2019elles sont dans l\u2019\u00e9quipe seulement par une volont\u00e9 de r\u00e9pondre \u00e0 une loi ou pour am\u00e9liorer l\u2019image de l\u2019entreprise, elles sont davantage trait\u00e9es comme des repr\u00e9sentantes de leur cat\u00e9gorie.<sup>4<\/sup> Autrement dit, l\u2019attention de leurs coll\u00e8gues se focalise davantage sur le fait qu\u2019elles soient des femmes. Ceci aboutit \u00e0 une forte mise en lumi\u00e8re des st\u00e9r\u00e9otypes. Or, dans un contexte o\u00f9 de nombreux postes sont st\u00e9r\u00e9otyp\u00e9s comme masculins (p.ex.\u00a0: manager, chef d\u2019entreprise), les femmes se retrouvent dans un environnement mena\u00e7ant. Elles seront soucieuses de ne rien faire qui puisse justifier les st\u00e9r\u00e9otypes dont elles sont les victimes (pour d\u00e9finir cette v\u00e9ritable \u00e9p\u00e9e de Damocl\u00e8s, les psychologues parlent de \u00ab\u00a0menace du st\u00e9r\u00e9otype\u00a0\u00bb). L\u2019anxi\u00e9t\u00e9 que cette situation g\u00e9n\u00e8re les emp\u00eachera d&rsquo;\u00eatre pleinement performantes.<\/p>\n\n\n\n<h1 class=\"wp-block-heading\">Conclusion<\/h1>\n\n\n\n<p>Rappelons que les femmes apportent r\u00e9ellement \u00e0 la performance des entreprises. Ce gain se manifeste particuli\u00e8rement lorsque leur nombre d\u00e9passe le fameux chiffre trois, leur permettant ainsi d\u2019\u00eatre suffisamment nombreuse pour exprimer leur point de vue.<\/p>\n\n\n\n<p>N\u00e9anmoins, les \u00e9tudes montrent qu\u2019imposer des quotas vient assombrir ce tableau plut\u00f4t que l\u2019aider. En effet, les femmes embauch\u00e9es sous contraintes sont souvent moins exp\u00e9riment\u00e9es que leurs coll\u00e8gues et subissent une plus grande anxi\u00e9t\u00e9 du fait des st\u00e9r\u00e9otypes qui p\u00e8sent sur elles. Cette situation les emp\u00eache de d\u00e9velopper tout leur potentiel et nuit \u00e0 leur performance, ce qui renforce les id\u00e9es sexistes selon lesquelles elles ne seraient pas \u00e0 leur place. <\/p>\n\n\n\n<p>Les quotas nuisent plus qu&rsquo;ils n&rsquo;aident. En plus de perp\u00e9tuer des principes discriminants, ils emp\u00eachent les femmes d&rsquo;\u00eatre reconnues \u00e0 leur juste valeur. C&rsquo;est en recrutant sur la base des comp\u00e9tences, et non en fonction de l&rsquo;appartenance \u00e0 une cat\u00e9gorie sexuelle, que les organisations pourront atteindre la mixit\u00e9.<\/p>\n\n\n\n<h1 class=\"wp-block-heading\">Pour aller plus loin<\/h1>\n\n\n\n<ul class=\"wp-block-list\"><li>Sur LaborAgora : <a href=\"https:\/\/laboragora.com\/index.php\/2015\/09\/07\/mixite-nous-avons-aussi-besoin-des-femmes-en-entreprise\/\">La mixit\u00e9 est aussi un levier de performance ! Voici pourquoi<\/a><\/li><li><a href=\"http:\/\/www.forumofexecutivewomen.com\/SiteData\/docs\/CoverStory\/01d4349c76a7ea79\/Cover_Story_The_Power_of_Three%5B1%5D.pdf\">Kristie, J. (2011). <em>The power of three<\/em>. Dir. Boards 35 (5), 22\u201332<\/a><\/li><li><a href=\"http:\/\/www.prejuges-stereotypes.net\/espaceDocumentaire\/gabarrot.pdf\">Gabarrot, F. (s.d.). La Menace du St\u00e9r\u00e9otype.<\/a><\/li><\/ul>\n\n\n\n<h1 class=\"wp-block-heading\">R\u00e9f\u00e9rences<\/h1>\n\n\n\n<ol class=\"wp-block-list\"><li style=\"text-align: justify;\"><a href=\"https:\/\/s3.amazonaws.com\/academia.edu.documents\/27634582\/joecks.pdf?AWSAccessKeyId=AKIAIWOWYYGZ2Y53UL3A&amp;Expires=1535099008&amp;Signature=pmmD2Fe8gTN4%2FGxduLZSl%2BdD3Eo%3D&amp;response-content-disposition=inline%3B%20filename%3DGender_Diversity_in_the_Boardroom_and_Fi.pdf\">Joecks, J., Pull, K., &amp; Vetter, K. (2013). Gender diversity in the boardroom and firm performance: What exactly constitutes a \u201ccritical mass?\u201d. <em>Journal of business ethics<\/em>, 118(1), 61-72.<\/a><\/li><li style=\"text-align: justify;\"><a href=\"http:\/\/doi.org\/10.1016\/j.jcorpfin.2013.11.016\">Liu, Y., Wei, Z., &amp; Xie, F. (2013). Do women directors improve firm performance in china? <em>Journal of Corporate Finance<\/em>, <em>28<\/em>, 169\u2013184.<\/a><\/li><li style=\"text-align: justify;\">Citation de Karen J. Curtin, version originale : \u00ab&nbsp;<em>There is a real debate between those who think we should be more diverse because it is the right thing to do and those who think we should be more diverse because it actually enhances shareholder value.&nbsp;Unless we get the second point across, and people believe it, we&rsquo;re only going to have tokenism<\/em> \u00bb<br>IN Brancato, C. K., &amp; Patterson, D. J. (1999). Board diversity in US corporations: Best practices for broadening the profile of corporate boards.<em> Conference Board.<\/em><\/li><li style=\"text-align: justify;\"><a href=\"https:\/\/www.researchgate.net\/publication\/273207020_Board_gender_diversity_and_firm_performance_Empirical_evidence_from_Hong_Kong_South_Korea_Malaysia_and_Singapore\">Low, D. C., Roberts, H., &amp; Whiting, R. H. (2015). Board gender diversity and firm performance: Empirical evidence from Hong Kong, South Korea, Malaysia and Singapore. <em>Pacific-Basin Finance Journal<\/em>.<\/a><\/li><li style=\"text-align: justify;\"><a href=\"http:\/\/qje.oxfordjournals.org\/content\/127\/1\/137.abstract\">Ahern, K. R., &amp; Dittmar, A. K. (2012). The changing of the boards: The impact on firm valuation of mandated female board representation. <em>Quarterly Journal of Economics<\/em>, <em>127<\/em>(1), 137-197.<\/a><\/li><\/ol>\n","protected":false},"excerpt":{"rendered":"<p>Comme nous l\u2019avons vu dans un pr\u00e9c\u00e9dent article, les femmes apportent un r\u00e9el b\u00e9n\u00e9fice aux entreprises. Les \u00e9tudes qui se sont port\u00e9es sur cette question &hellip; <\/p>\n","protected":false},"author":2,"featured_media":767,"comment_status":"closed","ping_status":"closed","sticky":false,"template":"","format":"standard","meta":{"footnotes":""},"categories":[2,5],"tags":[26,32,40,71,74],"class_list":["post-298","post","type-post","status-publish","format-standard","has-post-thumbnail","hentry","category-autres-regards","category-sous-la-loupe","tag-cope-zimmerman","tag-embauche","tag-femmes","tag-quotas","tag-recrutement"],"yoast_head":"<!-- This site is optimized with the Yoast SEO plugin v25.5 - https:\/\/yoast.com\/wordpress\/plugins\/seo\/ -->\n<title>Les quotas \u00e0 l\u2019embauche aident-ils vraiment ? Le cas de l&#039;emploi des femmes - LaborAgora<\/title>\n<meta name=\"description\" content=\"Emploi des femmes et mixit\u00e9 au travail, les quotas d&#039;embauche peuvent-ils vraiment \u00eatre b\u00e9n\u00e9fiques ? Une r\u00e9ponse entre nombre magique et tokenism.\" \/>\n<meta name=\"robots\" content=\"index, follow, max-snippet:-1, max-image-preview:large, max-video-preview:-1\" \/>\n<link rel=\"canonical\" href=\"https:\/\/laboragora.com\/index.php\/2015\/10\/06\/les-quotas-a-lembauche-aident-ils-vraiment\/\" \/>\n<meta property=\"og:locale\" content=\"fr_FR\" \/>\n<meta property=\"og:type\" content=\"article\" \/>\n<meta property=\"og:title\" content=\"Les quotas \u00e0 l\u2019embauche aident-ils vraiment ? Le cas de l&#039;emploi des femmes - LaborAgora\" \/>\n<meta property=\"og:description\" content=\"Emploi des femmes et mixit\u00e9 au travail, les quotas d&#039;embauche peuvent-ils vraiment \u00eatre b\u00e9n\u00e9fiques ? Une r\u00e9ponse entre nombre magique et tokenism.\" \/>\n<meta property=\"og:url\" content=\"https:\/\/laboragora.com\/index.php\/2015\/10\/06\/les-quotas-a-lembauche-aident-ils-vraiment\/\" \/>\n<meta property=\"og:site_name\" content=\"LaborAgora\" \/>\n<meta property=\"article:published_time\" content=\"2015-10-06T12:33:24+00:00\" \/>\n<meta property=\"article:modified_time\" content=\"2020-03-09T10:05:06+00:00\" \/>\n<meta property=\"og:image\" content=\"https:\/\/laboragora.com\/wp-content\/uploads\/2018\/08\/2398159012_aa25dee316_o-1024x682.jpg\" \/>\n\t<meta property=\"og:image:width\" content=\"1024\" \/>\n\t<meta property=\"og:image:height\" content=\"682\" \/>\n\t<meta property=\"og:image:type\" content=\"image\/jpeg\" \/>\n<meta name=\"author\" content=\"Benjamin Pastorelli\" \/>\n<meta name=\"twitter:card\" content=\"summary_large_image\" \/>\n<meta name=\"twitter:creator\" content=\"@BFPastorelli\" \/>\n<meta name=\"twitter:site\" content=\"@LaborAgora\" \/>\n<meta name=\"twitter:label1\" content=\"\u00c9crit par\" \/>\n\t<meta name=\"twitter:data1\" content=\"Benjamin Pastorelli\" \/>\n\t<meta name=\"twitter:label2\" content=\"Dur\u00e9e de lecture estim\u00e9e\" \/>\n\t<meta name=\"twitter:data2\" content=\"7 minutes\" \/>\n<script type=\"application\/ld+json\" class=\"yoast-schema-graph\">{\"@context\":\"https:\/\/schema.org\",\"@graph\":[{\"@type\":\"Article\",\"@id\":\"https:\/\/laboragora.com\/index.php\/2015\/10\/06\/les-quotas-a-lembauche-aident-ils-vraiment\/#article\",\"isPartOf\":{\"@id\":\"https:\/\/laboragora.com\/index.php\/2015\/10\/06\/les-quotas-a-lembauche-aident-ils-vraiment\/\"},\"author\":{\"name\":\"Benjamin Pastorelli\",\"@id\":\"https:\/\/laboragora.com\/#\/schema\/person\/903c73d6caff08cceb95a301a1521f12\"},\"headline\":\"Les quotas \u00e0 l\u2019embauche aident-ils vraiment ? Le cas de l&#8217;emploi des femmes\",\"datePublished\":\"2015-10-06T12:33:24+00:00\",\"dateModified\":\"2020-03-09T10:05:06+00:00\",\"mainEntityOfPage\":{\"@id\":\"https:\/\/laboragora.com\/index.php\/2015\/10\/06\/les-quotas-a-lembauche-aident-ils-vraiment\/\"},\"wordCount\":1335,\"publisher\":{\"@id\":\"https:\/\/laboragora.com\/#organization\"},\"image\":{\"@id\":\"https:\/\/laboragora.com\/index.php\/2015\/10\/06\/les-quotas-a-lembauche-aident-ils-vraiment\/#primaryimage\"},\"thumbnailUrl\":\"https:\/\/laboragora.com\/wp-content\/uploads\/2018\/08\/2398159012_aa25dee316_o.jpg\",\"keywords\":[\"Cop\u00e9-Zimmerman\",\"embauche\",\"femmes\",\"Quotas\",\"recrutement\"],\"articleSection\":[\"Autres regards\",\"Sous la loupe\"],\"inLanguage\":\"fr-FR\"},{\"@type\":\"WebPage\",\"@id\":\"https:\/\/laboragora.com\/index.php\/2015\/10\/06\/les-quotas-a-lembauche-aident-ils-vraiment\/\",\"url\":\"https:\/\/laboragora.com\/index.php\/2015\/10\/06\/les-quotas-a-lembauche-aident-ils-vraiment\/\",\"name\":\"Les quotas \u00e0 l\u2019embauche aident-ils vraiment ? Le cas de l'emploi des femmes - LaborAgora\",\"isPartOf\":{\"@id\":\"https:\/\/laboragora.com\/#website\"},\"primaryImageOfPage\":{\"@id\":\"https:\/\/laboragora.com\/index.php\/2015\/10\/06\/les-quotas-a-lembauche-aident-ils-vraiment\/#primaryimage\"},\"image\":{\"@id\":\"https:\/\/laboragora.com\/index.php\/2015\/10\/06\/les-quotas-a-lembauche-aident-ils-vraiment\/#primaryimage\"},\"thumbnailUrl\":\"https:\/\/laboragora.com\/wp-content\/uploads\/2018\/08\/2398159012_aa25dee316_o.jpg\",\"datePublished\":\"2015-10-06T12:33:24+00:00\",\"dateModified\":\"2020-03-09T10:05:06+00:00\",\"description\":\"Emploi des femmes et mixit\u00e9 au travail, les quotas d'embauche peuvent-ils vraiment \u00eatre b\u00e9n\u00e9fiques ? Une r\u00e9ponse entre nombre magique et tokenism.\",\"breadcrumb\":{\"@id\":\"https:\/\/laboragora.com\/index.php\/2015\/10\/06\/les-quotas-a-lembauche-aident-ils-vraiment\/#breadcrumb\"},\"inLanguage\":\"fr-FR\",\"potentialAction\":[{\"@type\":\"ReadAction\",\"target\":[\"https:\/\/laboragora.com\/index.php\/2015\/10\/06\/les-quotas-a-lembauche-aident-ils-vraiment\/\"]}]},{\"@type\":\"ImageObject\",\"inLanguage\":\"fr-FR\",\"@id\":\"https:\/\/laboragora.com\/index.php\/2015\/10\/06\/les-quotas-a-lembauche-aident-ils-vraiment\/#primaryimage\",\"url\":\"https:\/\/laboragora.com\/wp-content\/uploads\/2018\/08\/2398159012_aa25dee316_o.jpg\",\"contentUrl\":\"https:\/\/laboragora.com\/wp-content\/uploads\/2018\/08\/2398159012_aa25dee316_o.jpg\",\"width\":3888,\"height\":2588},{\"@type\":\"BreadcrumbList\",\"@id\":\"https:\/\/laboragora.com\/index.php\/2015\/10\/06\/les-quotas-a-lembauche-aident-ils-vraiment\/#breadcrumb\",\"itemListElement\":[{\"@type\":\"ListItem\",\"position\":1,\"name\":\"Accueil\",\"item\":\"https:\/\/laboragora.com\/\"},{\"@type\":\"ListItem\",\"position\":2,\"name\":\"Les quotas \u00e0 l\u2019embauche aident-ils vraiment ? Le cas de l&#8217;emploi des femmes\"}]},{\"@type\":\"WebSite\",\"@id\":\"https:\/\/laboragora.com\/#website\",\"url\":\"https:\/\/laboragora.com\/\",\"name\":\"LaborAgora\",\"description\":\"De la recherche scientifique au management\",\"publisher\":{\"@id\":\"https:\/\/laboragora.com\/#organization\"},\"potentialAction\":[{\"@type\":\"SearchAction\",\"target\":{\"@type\":\"EntryPoint\",\"urlTemplate\":\"https:\/\/laboragora.com\/?s={search_term_string}\"},\"query-input\":{\"@type\":\"PropertyValueSpecification\",\"valueRequired\":true,\"valueName\":\"search_term_string\"}}],\"inLanguage\":\"fr-FR\"},{\"@type\":\"Organization\",\"@id\":\"https:\/\/laboragora.com\/#organization\",\"name\":\"LaborAgora\",\"url\":\"https:\/\/laboragora.com\/\",\"logo\":{\"@type\":\"ImageObject\",\"inLanguage\":\"fr-FR\",\"@id\":\"https:\/\/laboragora.com\/#\/schema\/logo\/image\/\",\"url\":\"https:\/\/laboragora.com\/wp-content\/uploads\/2023\/08\/Slide1-1.png\",\"contentUrl\":\"https:\/\/laboragora.com\/wp-content\/uploads\/2023\/08\/Slide1-1.png\",\"width\":2646,\"height\":720,\"caption\":\"LaborAgora\"},\"image\":{\"@id\":\"https:\/\/laboragora.com\/#\/schema\/logo\/image\/\"},\"sameAs\":[\"https:\/\/x.com\/LaborAgora\"]},{\"@type\":\"Person\",\"@id\":\"https:\/\/laboragora.com\/#\/schema\/person\/903c73d6caff08cceb95a301a1521f12\",\"name\":\"Benjamin Pastorelli\",\"image\":{\"@type\":\"ImageObject\",\"inLanguage\":\"fr-FR\",\"@id\":\"https:\/\/laboragora.com\/#\/schema\/person\/image\/\",\"url\":\"https:\/\/secure.gravatar.com\/avatar\/e805cffd603773d5a4754cbab9f483dc?s=96&d=mm&r=g\",\"contentUrl\":\"https:\/\/secure.gravatar.com\/avatar\/e805cffd603773d5a4754cbab9f483dc?s=96&d=mm&r=g\",\"caption\":\"Benjamin Pastorelli\"},\"description\":\"Benjamin est docteur en psychologie. Il a enseign\u00e9 les sciences sociales et cognitives \u00e0 l'universit\u00e9 en France, en Suisse et en Irlande. Son expertise se centre autour de la diversit\u00e9, de l'inclusion, des discriminations et de l'interculturalit\u00e9. Il \u0153uvre pour la mise en valeur des diff\u00e9rences et la lutte contre les discriminations. Benjamin est aussi vulgarisateur scientifique et blogueur depuis de nombreuses ann\u00e9es.\",\"sameAs\":[\"https:\/\/www.linkedin.com\/in\/bfpastorelli\/\",\"https:\/\/x.com\/BFPastorelli\"],\"url\":\"https:\/\/laboragora.com\/index.php\/author\/benjamin-pastorelli\/\"}]}<\/script>\n<!-- \/ Yoast SEO plugin. -->","yoast_head_json":{"title":"Les quotas \u00e0 l\u2019embauche aident-ils vraiment ? Le cas de l'emploi des femmes - LaborAgora","description":"Emploi des femmes et mixit\u00e9 au travail, les quotas d'embauche peuvent-ils vraiment \u00eatre b\u00e9n\u00e9fiques ? Une r\u00e9ponse entre nombre magique et tokenism.","robots":{"index":"index","follow":"follow","max-snippet":"max-snippet:-1","max-image-preview":"max-image-preview:large","max-video-preview":"max-video-preview:-1"},"canonical":"https:\/\/laboragora.com\/index.php\/2015\/10\/06\/les-quotas-a-lembauche-aident-ils-vraiment\/","og_locale":"fr_FR","og_type":"article","og_title":"Les quotas \u00e0 l\u2019embauche aident-ils vraiment ? Le cas de l'emploi des femmes - LaborAgora","og_description":"Emploi des femmes et mixit\u00e9 au travail, les quotas d'embauche peuvent-ils vraiment \u00eatre b\u00e9n\u00e9fiques ? Une r\u00e9ponse entre nombre magique et tokenism.","og_url":"https:\/\/laboragora.com\/index.php\/2015\/10\/06\/les-quotas-a-lembauche-aident-ils-vraiment\/","og_site_name":"LaborAgora","article_published_time":"2015-10-06T12:33:24+00:00","article_modified_time":"2020-03-09T10:05:06+00:00","og_image":[{"width":1024,"height":682,"url":"https:\/\/laboragora.com\/wp-content\/uploads\/2018\/08\/2398159012_aa25dee316_o-1024x682.jpg","type":"image\/jpeg"}],"author":"Benjamin Pastorelli","twitter_card":"summary_large_image","twitter_creator":"@BFPastorelli","twitter_site":"@LaborAgora","twitter_misc":{"\u00c9crit par":"Benjamin Pastorelli","Dur\u00e9e de lecture estim\u00e9e":"7 minutes"},"schema":{"@context":"https:\/\/schema.org","@graph":[{"@type":"Article","@id":"https:\/\/laboragora.com\/index.php\/2015\/10\/06\/les-quotas-a-lembauche-aident-ils-vraiment\/#article","isPartOf":{"@id":"https:\/\/laboragora.com\/index.php\/2015\/10\/06\/les-quotas-a-lembauche-aident-ils-vraiment\/"},"author":{"name":"Benjamin Pastorelli","@id":"https:\/\/laboragora.com\/#\/schema\/person\/903c73d6caff08cceb95a301a1521f12"},"headline":"Les quotas \u00e0 l\u2019embauche aident-ils vraiment ? Le cas de l&#8217;emploi des femmes","datePublished":"2015-10-06T12:33:24+00:00","dateModified":"2020-03-09T10:05:06+00:00","mainEntityOfPage":{"@id":"https:\/\/laboragora.com\/index.php\/2015\/10\/06\/les-quotas-a-lembauche-aident-ils-vraiment\/"},"wordCount":1335,"publisher":{"@id":"https:\/\/laboragora.com\/#organization"},"image":{"@id":"https:\/\/laboragora.com\/index.php\/2015\/10\/06\/les-quotas-a-lembauche-aident-ils-vraiment\/#primaryimage"},"thumbnailUrl":"https:\/\/laboragora.com\/wp-content\/uploads\/2018\/08\/2398159012_aa25dee316_o.jpg","keywords":["Cop\u00e9-Zimmerman","embauche","femmes","Quotas","recrutement"],"articleSection":["Autres regards","Sous la loupe"],"inLanguage":"fr-FR"},{"@type":"WebPage","@id":"https:\/\/laboragora.com\/index.php\/2015\/10\/06\/les-quotas-a-lembauche-aident-ils-vraiment\/","url":"https:\/\/laboragora.com\/index.php\/2015\/10\/06\/les-quotas-a-lembauche-aident-ils-vraiment\/","name":"Les quotas \u00e0 l\u2019embauche aident-ils vraiment ? Le cas de l'emploi des femmes - LaborAgora","isPartOf":{"@id":"https:\/\/laboragora.com\/#website"},"primaryImageOfPage":{"@id":"https:\/\/laboragora.com\/index.php\/2015\/10\/06\/les-quotas-a-lembauche-aident-ils-vraiment\/#primaryimage"},"image":{"@id":"https:\/\/laboragora.com\/index.php\/2015\/10\/06\/les-quotas-a-lembauche-aident-ils-vraiment\/#primaryimage"},"thumbnailUrl":"https:\/\/laboragora.com\/wp-content\/uploads\/2018\/08\/2398159012_aa25dee316_o.jpg","datePublished":"2015-10-06T12:33:24+00:00","dateModified":"2020-03-09T10:05:06+00:00","description":"Emploi des femmes et mixit\u00e9 au travail, les quotas d'embauche peuvent-ils vraiment \u00eatre b\u00e9n\u00e9fiques ? Une r\u00e9ponse entre nombre magique et tokenism.","breadcrumb":{"@id":"https:\/\/laboragora.com\/index.php\/2015\/10\/06\/les-quotas-a-lembauche-aident-ils-vraiment\/#breadcrumb"},"inLanguage":"fr-FR","potentialAction":[{"@type":"ReadAction","target":["https:\/\/laboragora.com\/index.php\/2015\/10\/06\/les-quotas-a-lembauche-aident-ils-vraiment\/"]}]},{"@type":"ImageObject","inLanguage":"fr-FR","@id":"https:\/\/laboragora.com\/index.php\/2015\/10\/06\/les-quotas-a-lembauche-aident-ils-vraiment\/#primaryimage","url":"https:\/\/laboragora.com\/wp-content\/uploads\/2018\/08\/2398159012_aa25dee316_o.jpg","contentUrl":"https:\/\/laboragora.com\/wp-content\/uploads\/2018\/08\/2398159012_aa25dee316_o.jpg","width":3888,"height":2588},{"@type":"BreadcrumbList","@id":"https:\/\/laboragora.com\/index.php\/2015\/10\/06\/les-quotas-a-lembauche-aident-ils-vraiment\/#breadcrumb","itemListElement":[{"@type":"ListItem","position":1,"name":"Accueil","item":"https:\/\/laboragora.com\/"},{"@type":"ListItem","position":2,"name":"Les quotas \u00e0 l\u2019embauche aident-ils vraiment ? Le cas de l&#8217;emploi des femmes"}]},{"@type":"WebSite","@id":"https:\/\/laboragora.com\/#website","url":"https:\/\/laboragora.com\/","name":"LaborAgora","description":"De la recherche scientifique au management","publisher":{"@id":"https:\/\/laboragora.com\/#organization"},"potentialAction":[{"@type":"SearchAction","target":{"@type":"EntryPoint","urlTemplate":"https:\/\/laboragora.com\/?s={search_term_string}"},"query-input":{"@type":"PropertyValueSpecification","valueRequired":true,"valueName":"search_term_string"}}],"inLanguage":"fr-FR"},{"@type":"Organization","@id":"https:\/\/laboragora.com\/#organization","name":"LaborAgora","url":"https:\/\/laboragora.com\/","logo":{"@type":"ImageObject","inLanguage":"fr-FR","@id":"https:\/\/laboragora.com\/#\/schema\/logo\/image\/","url":"https:\/\/laboragora.com\/wp-content\/uploads\/2023\/08\/Slide1-1.png","contentUrl":"https:\/\/laboragora.com\/wp-content\/uploads\/2023\/08\/Slide1-1.png","width":2646,"height":720,"caption":"LaborAgora"},"image":{"@id":"https:\/\/laboragora.com\/#\/schema\/logo\/image\/"},"sameAs":["https:\/\/x.com\/LaborAgora"]},{"@type":"Person","@id":"https:\/\/laboragora.com\/#\/schema\/person\/903c73d6caff08cceb95a301a1521f12","name":"Benjamin Pastorelli","image":{"@type":"ImageObject","inLanguage":"fr-FR","@id":"https:\/\/laboragora.com\/#\/schema\/person\/image\/","url":"https:\/\/secure.gravatar.com\/avatar\/e805cffd603773d5a4754cbab9f483dc?s=96&d=mm&r=g","contentUrl":"https:\/\/secure.gravatar.com\/avatar\/e805cffd603773d5a4754cbab9f483dc?s=96&d=mm&r=g","caption":"Benjamin Pastorelli"},"description":"Benjamin est docteur en psychologie. Il a enseign\u00e9 les sciences sociales et cognitives \u00e0 l'universit\u00e9 en France, en Suisse et en Irlande. Son expertise se centre autour de la diversit\u00e9, de l'inclusion, des discriminations et de l'interculturalit\u00e9. Il \u0153uvre pour la mise en valeur des diff\u00e9rences et la lutte contre les discriminations. Benjamin est aussi vulgarisateur scientifique et blogueur depuis de nombreuses ann\u00e9es.","sameAs":["https:\/\/www.linkedin.com\/in\/bfpastorelli\/","https:\/\/x.com\/BFPastorelli"],"url":"https:\/\/laboragora.com\/index.php\/author\/benjamin-pastorelli\/"}]}},"_links":{"self":[{"href":"https:\/\/laboragora.com\/index.php\/wp-json\/wp\/v2\/posts\/298","targetHints":{"allow":["GET"]}}],"collection":[{"href":"https:\/\/laboragora.com\/index.php\/wp-json\/wp\/v2\/posts"}],"about":[{"href":"https:\/\/laboragora.com\/index.php\/wp-json\/wp\/v2\/types\/post"}],"author":[{"embeddable":true,"href":"https:\/\/laboragora.com\/index.php\/wp-json\/wp\/v2\/users\/2"}],"replies":[{"embeddable":true,"href":"https:\/\/laboragora.com\/index.php\/wp-json\/wp\/v2\/comments?post=298"}],"version-history":[{"count":8,"href":"https:\/\/laboragora.com\/index.php\/wp-json\/wp\/v2\/posts\/298\/revisions"}],"predecessor-version":[{"id":1558,"href":"https:\/\/laboragora.com\/index.php\/wp-json\/wp\/v2\/posts\/298\/revisions\/1558"}],"wp:featuredmedia":[{"embeddable":true,"href":"https:\/\/laboragora.com\/index.php\/wp-json\/wp\/v2\/media\/767"}],"wp:attachment":[{"href":"https:\/\/laboragora.com\/index.php\/wp-json\/wp\/v2\/media?parent=298"}],"wp:term":[{"taxonomy":"category","embeddable":true,"href":"https:\/\/laboragora.com\/index.php\/wp-json\/wp\/v2\/categories?post=298"},{"taxonomy":"post_tag","embeddable":true,"href":"https:\/\/laboragora.com\/index.php\/wp-json\/wp\/v2\/tags?post=298"}],"curies":[{"name":"wp","href":"https:\/\/api.w.org\/{rel}","templated":true}]}}