{"id":1858,"date":"2021-02-23T10:43:09","date_gmt":"2021-02-23T09:43:09","guid":{"rendered":"http:\/\/laboragora.com\/?p=1858"},"modified":"2023-06-13T10:34:35","modified_gmt":"2023-06-13T08:34:35","slug":"avons-nous-vraiment-une-personnalite","status":"publish","type":"post","link":"https:\/\/laboragora.com\/index.php\/2021\/02\/23\/avons-nous-vraiment-une-personnalite\/","title":{"rendered":"Avons-nous vraiment une personnalit\u00e9 ?"},"content":{"rendered":"\n<p>La plupart d\u2019entre nous est persuad\u00e9e que chaque personne poss\u00e8de une personnalit\u00e9 qui lui est propre. Elle se construirait \u00e0 partir de notre patrimoine g\u00e9n\u00e9tique et des \u00e9v\u00e9nements que nous avons v\u00e9cus enfants. Elle donnerait une ligne directrice \u00e0 tous nos comportements et ferait qu\u2019une personne tend \u00e0 toujours se comporter de la m\u00eame mani\u00e8re, quelle que soit les situations auxquelles elle est confront\u00e9e.<\/p>\n\n\n\n<p>Cette vision fig\u00e9e du fonctionnement mental humain est commun\u00e9ment admise. On la retrouve dans une multitude de domaines (recrutement, management, marketing, \u2026), o\u00f9 on affuble souvent les personnes (candidats, salari\u00e9s, clients, \u2026) d\u2019attributs d\u00e9finitifs. On explique leurs comportements par des facteurs presque exclusivement internes&nbsp;: celui-ci a telle ou telle couleur de personnalit\u00e9, celle-l\u00e0 poss\u00e8de tel ou tel soft-skill, tel ou tel trait de caract\u00e8re, qualit\u00e9 ou d\u00e9faut, etc.<\/p>\n\n\n\n<p>Outre que ces explications de nos comportements soient souvent bas\u00e9es sur des st\u00e9r\u00e9otypes et des mod\u00e8les pseudoscientifiques, elles donnent une vision simpliste de l\u2019\u00eatre humain. Notamment, elles ne prennent en compte ni l\u2019impact du contexte, ni le dynamisme du fonctionnement mental. Pourtant, ces deux \u00e9l\u00e9ments donnent bien plus de sens \u00e0 <em>qui nous sommes <\/em>et \u00e0 <em>pourquoi<\/em> <em>nous nous comportons ainsi<\/em>, que ne le ferait une hypoth\u00e9tique personnalit\u00e9.<\/p>\n\n\n\n<p>Sortons des explications en termes de facteurs internes et repla\u00e7ons l\u2019\u00eatre humain dans son contexte social. Voyons <em>qui nous sommes vraiment<\/em> et comment cela impacte nos comportements.<\/p>\n\n\n\n<h2 class=\"wp-block-heading\"><strong>Une identit\u00e9, des identit\u00e9s<\/strong><\/h2>\n\n\n\n<p>Qui nous sommes (identit\u00e9) impacte certainement ce que nous faisons (comportement). Mais ceci ne d\u00e9coule pas uniquement de facteurs internes (traits de personnalit\u00e9, etc.), puisque notre identit\u00e9 s\u2019inscrit dans un contexte social [1].<\/p>\n\n\n\n<p>Quand nous nous d\u00e9finissons, nous le faisons en r\u00e9f\u00e9rence \u00e0 des groupes sociaux, que les scientifiques font correspondre \u00e0 des <em>cat\u00e9gories sociales<\/em>. Par exemple, dire \u00ab&nbsp;je suis fran\u00e7ais&nbsp;\u00bb signifie aussi \u00ab&nbsp;je me sens appartenir \u00e0 la cat\u00e9gorie sociale des fran\u00e7ais&nbsp;\u00bb.<\/p>\n\n\n\n<p>Chaque appartenance cat\u00e9gorielle impacte nos comportements et notre vision du monde, car chaque cat\u00e9gorie sociale porte des normes et des repr\u00e9sentations que nous aurons tendance \u00e0 incorporer. Ceci se fait par des jeux d\u2019influences sociales diverses et complexes, comme le conformisme [2;3], l\u2019influence minoritaire [4] ou l\u2019\u00e9laboration des conflits [5], par exemple. Autrement dit, les cat\u00e9gories auxquelles nous appartenons d\u00e9finissent qui nous sommes, mais donnent aussi une ligne directrice \u00e0 nos comportements.<\/p>\n\n\n\n<p>Bien s\u00fbr, ces appartenances sociocat\u00e9gorielles sont multiples et nous conf\u00e8rent une multitude d\u2019identit\u00e9s. <em>Qui nous sommes<\/em> et <em>comment nous nous comportons<\/em> sont au carrefour des influences que ces cat\u00e9gories sociales exercent sur nous [6].<\/p>\n\n\n\n<p>De fait, comprendre et pr\u00e9dire les comportement d\u2019une personne ne peut se faire qu\u2019en prenant en compte son environnement social [7]. Ne consid\u00e9rer que des facteurs internes (personnalit\u00e9, motivation, soft-skills, etc.) n\u2019en am\u00e8nent qu\u2019une vision simpliste et rigide. Ce dernier point est d\u2019autant plus vrai que nos identit\u00e9s sont dynamiques et que notre fonctionnement mental et les comportements qu\u2019il pr\u00e9dit \u00e9voluent en fonction des situations.<\/p>\n\n\n\n<h2 class=\"wp-block-heading\"><strong>Le dynamisme des identit\u00e9s<\/strong><\/h2>\n\n\n\n<p>Si nous appartenons \u00e0 une multitude de cat\u00e9gories sociales et poss\u00e9dons une multitude d\u2019identit\u00e9s, toutes ne sont pas actives en m\u00eame temps tout le temps. Elles s\u2019activent en fonction du contexte.<\/p>\n\n\n\n<p>Pour comprendre ces dynamiques, il faut noter que ces cat\u00e9gories s\u2019\u00e9chelonnent sur un nombre infini de niveaux, plus ou moins inclusifs. Par exemple, la cat\u00e9gorie \u00ab&nbsp;europ\u00e9en&nbsp;\u00bb inclut la cat\u00e9gorie \u00ab&nbsp;fran\u00e7ais&nbsp;\u00bb qui inclut la cat\u00e9gorie&nbsp;\u00ab&nbsp;breton&nbsp;\u00bb, etc. Chaque cat\u00e9gorie suppose \u00e9galement des cat\u00e9gories de comparaison&nbsp;: si je suis un humain, je ne suis pas un chien [8].<\/p>\n\n\n\n<p>Lorsqu\u2019on interagit avec quelqu\u2019un, la cat\u00e9gorie qui apparaitra la plus pertinente \u00e0 notre esprit d\u00e9pendra de plusieurs facteurs. Il s\u2019agit, entre autres, de sa capacit\u00e9 \u00e0 faire sens par rapport \u00e0 notre repr\u00e9sentation du monde et du fait qu\u2019elle permette un m\u00e9ta-contraste \u00e9lev\u00e9 (c.-\u00e0-d. de maximiser les diff\u00e9rences intercat\u00e9gories et les ressemblances intracat\u00e9gories) [9].<\/p>\n\n\n\n<p>Prenons l\u2019exemple d\u2019un repas pris avec mon \u00e9pouse et un couple (h\u00e9t\u00e9rosexuel) d\u2019ami.e.s allemand.e.s. Ce sont nos identit\u00e9s nationales qui s\u2019activeront lorsque nous parlerons des relations politiques franco-allemandes&nbsp;; nos identit\u00e9s sexuelles s\u2019activeront si nous parlons de style vestimentaire (un th\u00e8me tr\u00e8s st\u00e9r\u00e9otyp\u00e9 sexuellement)&nbsp;; notre identit\u00e9 commune d\u2019europ\u00e9en pourra s\u2019activer si nous parlons d\u2019\u00e9v\u00e9nements survenus dans un pays hors-UE&nbsp;; etc. Non seulement ces changements ont lieu au cours d\u2019une m\u00eame soir\u00e9e, mais \u00e0 chaque fois qu\u2019une identit\u00e9 s\u2019activera, nous aurons tendance \u00e0 agir comme l\u2019un des membres de la cat\u00e9gorie sociale associ\u00e9e.<\/p>\n\n\n\n<p>Ainsi, les pressions qui s\u2019exercent sur nos comportements varient au cours du temps et en fonction du contexte. De fait, on ne peut pas attendre d\u2019une personne de se comporter toujours de la m\u00eame mani\u00e8re, dans toutes les situations, sous pr\u00e9texte qu\u2019elle poss\u00e8de tel ou tel trait de personnalit\u00e9 (ou une quelconque autre explication interne). Autrement dit, nous nous comportons diff\u00e9remment au travail, en famille, lors de nos loisirs, etc. et ceci \u00e9volue au cours de notre vie avec l\u2019\u00e9volution de nos identit\u00e9s.<\/p>\n\n\n\n<p>Bien s\u00fbr, il existe une certaine r\u00e9gularit\u00e9 dans nos comportements. Certaines identit\u00e9s sont durables et s\u2019activent fr\u00e9quemment car elles sont importantes pour nous d\u00e9finir ou qu\u2019elles sont pertinentes dans de nombreuses situations. Ceci donne l\u2019impression d\u2019une constance dans nos comportements qui cache pourtant l\u2019incroyable dynamisme de notre fonctionnement psychologique et social. Les explications internes sonnent alors davantage (mais pas toujours) comme des artefacts statistiques que comme des fondements r\u00e9els pour nos comportements.<\/p>\n\n\n\n<h2 class=\"wp-block-heading\"><strong>Pourquoi les explications internes nous paraissent-elles si pertinentes&nbsp;?<\/strong><\/h2>\n\n\n\n<p>On en vient \u00e0 se demander pourquoi nous avons cette impression que les facteurs internes sont si pertinents pour expliquer nos comportements. Il s\u2019agit principalement d\u2019une cons\u00e9quence de ce que les psychologues appellent l\u2019<em>erreur fondamentale d\u2019attribution<\/em> [10;11].<\/p>\n\n\n\n<p>Elle traduit une tendance naturelle \u00e0 accorder un r\u00f4le excessif aux caract\u00e9ristiques internes (personnalit\u00e9, intentions, opinions, soft-skills, etc.) par rapport aux facteurs externes (situation, contexte, etc.). Ce biais est connu depuis les ann\u00e9es 60 et est parfois nomm\u00e9 <em>biais d\u2019internalit\u00e9<\/em>.<\/p>\n\n\n\n<p>Plusieurs \u00e9claircissements lui sont avanc\u00e9es. Par exemple, l\u2019hypoth\u00e8se de la <em>croyance en un monde juste<\/em> [12] met avant que nous avons tendance \u00e0 penser que chacun a ce qu\u2019il m\u00e9rite, car cela suppose que chacun a le contr\u00f4le de son existence. L\u2019explication (biais\u00e9e) des comportements se r\u00e9duit alors \u00e0 la motivation, les intentions, la personnalit\u00e9, etc. Un autre exemple propose que les explications internes sont plus faciles d\u2019acc\u00e8s et de traitement, car elles reposent sur des st\u00e9r\u00e9otypes et d\u2019autres visions simplifi\u00e9es du monde [13;14].<\/p>\n\n\n\n<h2 class=\"wp-block-heading\"><strong>Conclusion<\/strong><\/h2>\n\n\n\n<p>Aucun de nous ne vit seul, d\u00e9connect\u00e9 de son contexte social. <em>Qui nous sommes<\/em> et <em>comment nous nous d\u00e9finissons<\/em> se font largement en r\u00e9f\u00e9rence aux autres. Nos comportements d\u00e9coulent en bonne partie de ces processus identitaires qui d\u00e9pendent fortement des situations dans lesquelles nous \u00e9voluons.<\/p>\n\n\n\n<p>Ceci met en avant que nos comportements ne peuvent pas \u00eatre r\u00e9duits uniquement \u00e0 quelques facteurs internes, comme la personnalit\u00e9. Se limiter \u00e0 cette approche ne donne qu\u2019une vision simpliste et rigide de l\u2019\u00eatre humain qui cache \u00e0 la fois l\u2019importance du contexte et le dynamisme de son fonctionnement mental.<\/p>\n\n\n\n<h2 class=\"wp-block-heading\"><strong>Aller plus loin<\/strong><\/h2>\n\n\n\n<ul class=\"wp-block-list\">\n<li>Turner, C. J. C., Reynolds, K. J., Haslam, S. A., &amp; Kristine, E. V. (2006). Reconceptualizing Personality\u202f: Producing Individuality by Defining the Personal Self. In T. Postmes &amp; J. Jetten (Eds.), <em>Individuality and the Group\u202f: Advances in Social Identity<\/em>. SAGE Publications Ltd. <a href=\"https:\/\/www.researchgate.net\/publication\/304194554_Social_Identity_in_Social_Psychology\" target=\"_blank\" rel=\"noreferrer noopener nofollow\">https:\/\/www.researchgate.net\/publication\/304194554_Social_Identity_in_Social_Psychology<\/a><\/li>\n\n\n\n<li>Mugny, G., Falomir-Pichastor, J., &amp; Quiamzade, A. (2017). <em>Influences sociales<\/em>. Grenoble: PUG. Retrieved from <a href=\"https:\/\/books.google.com\/books?hl=fr&amp;lr=&amp;id=_STTDgAAQBAJ&amp;oi=fnd&amp;pg=PA4&amp;dq=Mugny,+Falomir-Pichastor+%26+Quiamzade+2017&amp;ots=Nkm_mhBF3-&amp;sig=zwqOWtW7kNPWpPQZLUDmKS5Pd6A\" target=\"_blank\" rel=\"noreferrer noopener nofollow\">https:\/\/books.google.com\/books?hl=fr&amp;lr=&amp;id=_STTDgAAQBAJ&amp;oi=fnd&amp;pg=PA4&amp;dq=Mugny,+Falomir-Pichastor+%26+Quiamzade+2017&amp;ots=Nkm_mhBF3-&amp;sig=zwqOWtW7kNPWpPQZLUDmKS5Pd6A<\/a><\/li>\n\n\n\n<li>Du m\u00eame auteur. (2020). <a href=\"https:\/\/laboragora.com\/index.php\/2020\/05\/18\/idees-recues-sur-les-biais-cognitifs\/\" target=\"_blank\" rel=\"noreferrer noopener\">7 id\u00e9es re\u00e7ues sur les biais cognitifs<\/a><\/li>\n\n\n\n<li>Du m\u00eame auteur. (2019). <a href=\"https:\/\/laboragora.com\/index.php\/2019\/05\/23\/gen-x-millennials-un-mythe-dangereux\/\" target=\"_blank\" rel=\"noreferrer noopener\">G\u00e9n.X, Millennials, &#8230; Un mythe dangereux ?<\/a><\/li>\n<\/ul>\n\n\n\n<h2 class=\"wp-block-heading\"><strong>Bibliographie<\/strong><\/h2>\n\n\n\n<ol class=\"wp-block-list\" type=\"1\">\n<li>Festinger, L. (1954). A Theory of Social Comparison Processes. <em>Human Relations<\/em>, <em>7<\/em>(2), 117\u2013140. <a href=\"https:\/\/doi.org\/10.1177\/001872675400700202\">https:\/\/doi.org\/10.1177\/001872675400700202<\/a><\/li>\n\n\n\n<li>Asch, S. E. (1961). Issues in the Study of Social Influences on Judgment. In I. A. Berg &amp; B. M. Bass (Eds.), <em>Conformity and deviation.<\/em> (pp. 143\u2013158). New York: Harper &amp; Brothers. https:\/\/doi.org\/10.1037\/11122-005<\/li>\n\n\n\n<li>Asch, S. E. (1955). Opinions and Social Pressure. Scientific American, 193 , 31\u201335. doi : 10.1038\/1761009b0<\/li>\n\n\n\n<li>Nemeth, C. J. (2009). Minority Influence Theory. In P. Van Lange, A. Kruglanski, &amp; T. Higgins (Eds.), <em>Handbook of theories of social psychology<\/em> 5455 (pp. 362\u2013378). New York : SAGE Publications<\/li>\n\n\n\n<li>P\u00e9rez, J. A., &amp; Mugny, G. (1993). <em>Influences sociales: la th\u00e9orie de l\u2019\u00e9laboration du conflit<\/em>. Paris: Delachaux et Niestl\u00e9. Retrieved from https:\/\/archive-ouverte.unige.ch\/unige:4022<\/li>\n\n\n\n<li>Roccas, S., &amp; Brewer, M. B. (2002). Social Identity Complexity. <em>Personality and Social Psychology Review<\/em>, <em>6<\/em>(2), 88\u2013106.<\/li>\n\n\n\n<li>Turner, C. J. C., Reynolds, K. J., Haslam, S. A., &amp; Kristine, E. V. (2006). Reconceptualizing Personality\u202f: Producing Individuality by Defining the Personal Self. In T. Postmes &amp; J. Jetten (Eds.), <em>Individuality and the Group\u202f: Advances in Social Identity<\/em>. SAGE Publications Ltd. https:\/\/doi.org\/http:\/\/dx.doi.org\/10.4135\/9781446211946<\/li>\n\n\n\n<li>Turner, J. C., Hogg, M. A., Oakes, P. J., Reicher, S. D., &amp; Wetherell, M. S. (1987). <em>Rediscovering the Social Group: A Self-Categorization Theory.<\/em> (Basil Blackwell, Ed.). https:\/\/doi.org\/10.2307\/2073157<\/li>\n\n\n\n<li>Turner, J. C., Oakes, P. J., Haslam, S. A., &amp; McGarty, C. (1994). Self and collective: Cognition and social context. <em>Personality and social psychology bulletin<\/em>, <em>20<\/em>(5), 454-463.<\/li>\n\n\n\n<li>Jones, E. E., &amp; Harris, V. A. (1967). The attribution of attitudes. <em>Journal of experimental social psychology<\/em>, <em>3<\/em>(1), 1-24.<\/li>\n\n\n\n<li>Ross, L. (1977). The intuitive psychologist and his shortcomings: Distortions in the attribution process. In <em>Advances in experimental social psychology<\/em> (Vol. 10, pp. 173-220). Academic Press.<\/li>\n\n\n\n<li>Lerner, M. J., &amp; Miller, D. T. (1978). Just world research and the attribution process: Looking back and ahead. <em>Psychological bulletin<\/em>, <em>85<\/em>(5), 1030.<\/li>\n\n\n\n<li>Moskowitz, G. B. (1993). Individual differences in social categorization: The influence of personal need for structure on spontaneous trait inferences. <em>Journal of Personality and Social Psychology<\/em>, <em>65<\/em>(1), 132.<\/li>\n\n\n\n<li>Carlston, D. E., &amp; Skowronski, J. J. (1994). Savings in the relearning of trait information as evidence for spontaneous inference generation. <em>Journal of Personality and Social Psychology<\/em>, <em>66<\/em>(5), 840.<\/li>\n<\/ol>\n\n\n\n<p class=\"has-text-align-center\"><strong>image de couverture : <a href=\"https:\/\/www.pexels.com\/@shvetsa\" target=\"_blank\" rel=\"noreferrer noopener sponsored nofollow\">Anna Shevts<\/a><\/strong><\/p>\n","protected":false},"excerpt":{"rendered":"<p>Les explications du comportement bas\u00e9es sur la personnalit\u00e9 ou les soft-skills sont fr\u00e9quentes. Pourtant, l&rsquo;humain est plus complexe. Le contexte social influence beaucoup qui nous sommes et comment nous nous comportons.<\/p>\n","protected":false},"author":2,"featured_media":1859,"comment_status":"closed","ping_status":"open","sticky":false,"template":"","format":"standard","meta":{"footnotes":""},"categories":[2,5],"tags":[137,47,155,100],"class_list":["post-1858","post","type-post","status-publish","format-standard","has-post-thumbnail","hentry","category-autres-regards","category-sous-la-loupe","tag-biais-cognitifs","tag-identite","tag-personnalite","tag-soft-skills"],"yoast_head":"<!-- This site is optimized with the Yoast SEO plugin v25.5 - https:\/\/yoast.com\/wordpress\/plugins\/seo\/ -->\n<title>Avons-nous vraiment une personnalit\u00e9 ? - LaborAgora<\/title>\n<meta name=\"description\" content=\"Les explications du comportement bas\u00e9es sur la personnalit\u00e9 ou les soft-skills sont fr\u00e9quentes. Pourtant, l&#039;humain est plus complexe. Le contexte social influence beaucoup qui nous sommes et comment nous nous comportons.\" \/>\n<meta name=\"robots\" content=\"index, follow, max-snippet:-1, max-image-preview:large, max-video-preview:-1\" \/>\n<link rel=\"canonical\" href=\"https:\/\/laboragora.com\/index.php\/2021\/02\/23\/avons-nous-vraiment-une-personnalite\/\" \/>\n<meta property=\"og:locale\" content=\"fr_FR\" \/>\n<meta property=\"og:type\" content=\"article\" \/>\n<meta property=\"og:title\" content=\"Avons-nous vraiment une personnalit\u00e9 ?\" \/>\n<meta property=\"og:description\" content=\"Les explications du comportement bas\u00e9es sur la personnalit\u00e9 ou les soft-skills sont fr\u00e9quentes. Pourtant, l&#039;humain est plus complexe. Le contexte social influence beaucoup qui nous sommes et comment nous nous comportons.\" \/>\n<meta property=\"og:url\" content=\"https:\/\/laboragora.com\/index.php\/2021\/02\/23\/avons-nous-vraiment-une-personnalite\/\" \/>\n<meta property=\"og:site_name\" content=\"LaborAgora\" \/>\n<meta property=\"article:published_time\" content=\"2021-02-23T09:43:09+00:00\" \/>\n<meta property=\"article:modified_time\" content=\"2023-06-13T08:34:35+00:00\" \/>\n<meta property=\"og:image\" content=\"https:\/\/laboragora.com\/wp-content\/uploads\/2021\/02\/pexels-anna-shvets-5325588-scaled.jpg\" \/>\n\t<meta property=\"og:image:width\" content=\"2560\" \/>\n\t<meta property=\"og:image:height\" content=\"1707\" \/>\n\t<meta property=\"og:image:type\" content=\"image\/jpeg\" \/>\n<meta name=\"author\" content=\"Benjamin Pastorelli\" \/>\n<meta name=\"twitter:card\" content=\"summary_large_image\" \/>\n<meta name=\"twitter:title\" content=\"Avons-nous vraiment une personnalit\u00e9 ?\" \/>\n<meta name=\"twitter:description\" content=\"Les explications du comportement bas\u00e9es sur la personnalit\u00e9 ou les soft-skills sont fr\u00e9quentes. Pourtant, l&#039;humain est plus complexe. Le contexte social influence beaucoup qui nous sommes et comment nous nous comportons.\" \/>\n<meta name=\"twitter:image\" content=\"https:\/\/laboragora.com\/wp-content\/uploads\/2021\/02\/pexels-anna-shvets-5325588-scaled.jpg\" \/>\n<meta name=\"twitter:creator\" content=\"@BFPastorelli\" \/>\n<meta name=\"twitter:site\" content=\"@LaborAgora\" \/>\n<meta name=\"twitter:label1\" content=\"\u00c9crit par\" \/>\n\t<meta name=\"twitter:data1\" content=\"Benjamin Pastorelli\" \/>\n<script type=\"application\/ld+json\" class=\"yoast-schema-graph\">{\"@context\":\"https:\/\/schema.org\",\"@graph\":[{\"@type\":\"Article\",\"@id\":\"https:\/\/laboragora.com\/index.php\/2021\/02\/23\/avons-nous-vraiment-une-personnalite\/#article\",\"isPartOf\":{\"@id\":\"https:\/\/laboragora.com\/index.php\/2021\/02\/23\/avons-nous-vraiment-une-personnalite\/\"},\"author\":{\"name\":\"Benjamin Pastorelli\",\"@id\":\"https:\/\/laboragora.com\/#\/schema\/person\/903c73d6caff08cceb95a301a1521f12\"},\"headline\":\"Avons-nous vraiment une personnalit\u00e9 ?\",\"datePublished\":\"2021-02-23T09:43:09+00:00\",\"dateModified\":\"2023-06-13T08:34:35+00:00\",\"mainEntityOfPage\":{\"@id\":\"https:\/\/laboragora.com\/index.php\/2021\/02\/23\/avons-nous-vraiment-une-personnalite\/\"},\"wordCount\":1764,\"publisher\":{\"@id\":\"https:\/\/laboragora.com\/#organization\"},\"image\":{\"@id\":\"https:\/\/laboragora.com\/index.php\/2021\/02\/23\/avons-nous-vraiment-une-personnalite\/#primaryimage\"},\"thumbnailUrl\":\"https:\/\/laboragora.com\/wp-content\/uploads\/2021\/02\/pexels-anna-shvets-5325588-scaled.jpg\",\"keywords\":[\"biais cognitifs\",\"Identit\u00e9\",\"personnalit\u00e9\",\"Soft skills\"],\"articleSection\":[\"Autres regards\",\"Sous la loupe\"],\"inLanguage\":\"fr-FR\"},{\"@type\":\"WebPage\",\"@id\":\"https:\/\/laboragora.com\/index.php\/2021\/02\/23\/avons-nous-vraiment-une-personnalite\/\",\"url\":\"https:\/\/laboragora.com\/index.php\/2021\/02\/23\/avons-nous-vraiment-une-personnalite\/\",\"name\":\"Avons-nous vraiment une personnalit\u00e9 ? - LaborAgora\",\"isPartOf\":{\"@id\":\"https:\/\/laboragora.com\/#website\"},\"primaryImageOfPage\":{\"@id\":\"https:\/\/laboragora.com\/index.php\/2021\/02\/23\/avons-nous-vraiment-une-personnalite\/#primaryimage\"},\"image\":{\"@id\":\"https:\/\/laboragora.com\/index.php\/2021\/02\/23\/avons-nous-vraiment-une-personnalite\/#primaryimage\"},\"thumbnailUrl\":\"https:\/\/laboragora.com\/wp-content\/uploads\/2021\/02\/pexels-anna-shvets-5325588-scaled.jpg\",\"datePublished\":\"2021-02-23T09:43:09+00:00\",\"dateModified\":\"2023-06-13T08:34:35+00:00\",\"description\":\"Les explications du comportement bas\u00e9es sur la personnalit\u00e9 ou les soft-skills sont fr\u00e9quentes. Pourtant, l'humain est plus complexe. Le contexte social influence beaucoup qui nous sommes et comment nous nous comportons.\",\"breadcrumb\":{\"@id\":\"https:\/\/laboragora.com\/index.php\/2021\/02\/23\/avons-nous-vraiment-une-personnalite\/#breadcrumb\"},\"inLanguage\":\"fr-FR\",\"potentialAction\":[{\"@type\":\"ReadAction\",\"target\":[\"https:\/\/laboragora.com\/index.php\/2021\/02\/23\/avons-nous-vraiment-une-personnalite\/\"]}]},{\"@type\":\"ImageObject\",\"inLanguage\":\"fr-FR\",\"@id\":\"https:\/\/laboragora.com\/index.php\/2021\/02\/23\/avons-nous-vraiment-une-personnalite\/#primaryimage\",\"url\":\"https:\/\/laboragora.com\/wp-content\/uploads\/2021\/02\/pexels-anna-shvets-5325588-scaled.jpg\",\"contentUrl\":\"https:\/\/laboragora.com\/wp-content\/uploads\/2021\/02\/pexels-anna-shvets-5325588-scaled.jpg\",\"width\":2560,\"height\":1707,\"caption\":\"Smiling multiracial teenagers and child in casual apparel in studio by Anna Shvets\"},{\"@type\":\"BreadcrumbList\",\"@id\":\"https:\/\/laboragora.com\/index.php\/2021\/02\/23\/avons-nous-vraiment-une-personnalite\/#breadcrumb\",\"itemListElement\":[{\"@type\":\"ListItem\",\"position\":1,\"name\":\"Accueil\",\"item\":\"https:\/\/laboragora.com\/\"},{\"@type\":\"ListItem\",\"position\":2,\"name\":\"Avons-nous vraiment une personnalit\u00e9 ?\"}]},{\"@type\":\"WebSite\",\"@id\":\"https:\/\/laboragora.com\/#website\",\"url\":\"https:\/\/laboragora.com\/\",\"name\":\"LaborAgora\",\"description\":\"De la recherche scientifique au management\",\"publisher\":{\"@id\":\"https:\/\/laboragora.com\/#organization\"},\"potentialAction\":[{\"@type\":\"SearchAction\",\"target\":{\"@type\":\"EntryPoint\",\"urlTemplate\":\"https:\/\/laboragora.com\/?s={search_term_string}\"},\"query-input\":{\"@type\":\"PropertyValueSpecification\",\"valueRequired\":true,\"valueName\":\"search_term_string\"}}],\"inLanguage\":\"fr-FR\"},{\"@type\":\"Organization\",\"@id\":\"https:\/\/laboragora.com\/#organization\",\"name\":\"LaborAgora\",\"url\":\"https:\/\/laboragora.com\/\",\"logo\":{\"@type\":\"ImageObject\",\"inLanguage\":\"fr-FR\",\"@id\":\"https:\/\/laboragora.com\/#\/schema\/logo\/image\/\",\"url\":\"https:\/\/laboragora.com\/wp-content\/uploads\/2023\/08\/Slide1-1.png\",\"contentUrl\":\"https:\/\/laboragora.com\/wp-content\/uploads\/2023\/08\/Slide1-1.png\",\"width\":2646,\"height\":720,\"caption\":\"LaborAgora\"},\"image\":{\"@id\":\"https:\/\/laboragora.com\/#\/schema\/logo\/image\/\"},\"sameAs\":[\"https:\/\/x.com\/LaborAgora\"]},{\"@type\":\"Person\",\"@id\":\"https:\/\/laboragora.com\/#\/schema\/person\/903c73d6caff08cceb95a301a1521f12\",\"name\":\"Benjamin Pastorelli\",\"image\":{\"@type\":\"ImageObject\",\"inLanguage\":\"fr-FR\",\"@id\":\"https:\/\/laboragora.com\/#\/schema\/person\/image\/\",\"url\":\"https:\/\/secure.gravatar.com\/avatar\/e805cffd603773d5a4754cbab9f483dc?s=96&d=mm&r=g\",\"contentUrl\":\"https:\/\/secure.gravatar.com\/avatar\/e805cffd603773d5a4754cbab9f483dc?s=96&d=mm&r=g\",\"caption\":\"Benjamin Pastorelli\"},\"description\":\"Benjamin est docteur en psychologie. Il a enseign\u00e9 les sciences sociales et cognitives \u00e0 l'universit\u00e9 en France, en Suisse et en Irlande. Son expertise se centre autour de la diversit\u00e9, de l'inclusion, des discriminations et de l'interculturalit\u00e9. Il \u0153uvre pour la mise en valeur des diff\u00e9rences et la lutte contre les discriminations. Benjamin est aussi vulgarisateur scientifique et blogueur depuis de nombreuses ann\u00e9es.\",\"sameAs\":[\"https:\/\/www.linkedin.com\/in\/bfpastorelli\/\",\"https:\/\/x.com\/BFPastorelli\"],\"url\":\"https:\/\/laboragora.com\/index.php\/author\/benjamin-pastorelli\/\"}]}<\/script>\n<!-- \/ Yoast SEO plugin. -->","yoast_head_json":{"title":"Avons-nous vraiment une personnalit\u00e9 ? - LaborAgora","description":"Les explications du comportement bas\u00e9es sur la personnalit\u00e9 ou les soft-skills sont fr\u00e9quentes. Pourtant, l'humain est plus complexe. Le contexte social influence beaucoup qui nous sommes et comment nous nous comportons.","robots":{"index":"index","follow":"follow","max-snippet":"max-snippet:-1","max-image-preview":"max-image-preview:large","max-video-preview":"max-video-preview:-1"},"canonical":"https:\/\/laboragora.com\/index.php\/2021\/02\/23\/avons-nous-vraiment-une-personnalite\/","og_locale":"fr_FR","og_type":"article","og_title":"Avons-nous vraiment une personnalit\u00e9 ?","og_description":"Les explications du comportement bas\u00e9es sur la personnalit\u00e9 ou les soft-skills sont fr\u00e9quentes. Pourtant, l'humain est plus complexe. Le contexte social influence beaucoup qui nous sommes et comment nous nous comportons.","og_url":"https:\/\/laboragora.com\/index.php\/2021\/02\/23\/avons-nous-vraiment-une-personnalite\/","og_site_name":"LaborAgora","article_published_time":"2021-02-23T09:43:09+00:00","article_modified_time":"2023-06-13T08:34:35+00:00","og_image":[{"width":2560,"height":1707,"url":"https:\/\/laboragora.com\/wp-content\/uploads\/2021\/02\/pexels-anna-shvets-5325588-scaled.jpg","type":"image\/jpeg"}],"author":"Benjamin Pastorelli","twitter_card":"summary_large_image","twitter_title":"Avons-nous vraiment une personnalit\u00e9 ?","twitter_description":"Les explications du comportement bas\u00e9es sur la personnalit\u00e9 ou les soft-skills sont fr\u00e9quentes. Pourtant, l'humain est plus complexe. Le contexte social influence beaucoup qui nous sommes et comment nous nous comportons.","twitter_image":"https:\/\/laboragora.com\/wp-content\/uploads\/2021\/02\/pexels-anna-shvets-5325588-scaled.jpg","twitter_creator":"@BFPastorelli","twitter_site":"@LaborAgora","twitter_misc":{"\u00c9crit par":"Benjamin Pastorelli"},"schema":{"@context":"https:\/\/schema.org","@graph":[{"@type":"Article","@id":"https:\/\/laboragora.com\/index.php\/2021\/02\/23\/avons-nous-vraiment-une-personnalite\/#article","isPartOf":{"@id":"https:\/\/laboragora.com\/index.php\/2021\/02\/23\/avons-nous-vraiment-une-personnalite\/"},"author":{"name":"Benjamin Pastorelli","@id":"https:\/\/laboragora.com\/#\/schema\/person\/903c73d6caff08cceb95a301a1521f12"},"headline":"Avons-nous vraiment une personnalit\u00e9 ?","datePublished":"2021-02-23T09:43:09+00:00","dateModified":"2023-06-13T08:34:35+00:00","mainEntityOfPage":{"@id":"https:\/\/laboragora.com\/index.php\/2021\/02\/23\/avons-nous-vraiment-une-personnalite\/"},"wordCount":1764,"publisher":{"@id":"https:\/\/laboragora.com\/#organization"},"image":{"@id":"https:\/\/laboragora.com\/index.php\/2021\/02\/23\/avons-nous-vraiment-une-personnalite\/#primaryimage"},"thumbnailUrl":"https:\/\/laboragora.com\/wp-content\/uploads\/2021\/02\/pexels-anna-shvets-5325588-scaled.jpg","keywords":["biais cognitifs","Identit\u00e9","personnalit\u00e9","Soft skills"],"articleSection":["Autres regards","Sous la loupe"],"inLanguage":"fr-FR"},{"@type":"WebPage","@id":"https:\/\/laboragora.com\/index.php\/2021\/02\/23\/avons-nous-vraiment-une-personnalite\/","url":"https:\/\/laboragora.com\/index.php\/2021\/02\/23\/avons-nous-vraiment-une-personnalite\/","name":"Avons-nous vraiment une personnalit\u00e9 ? - LaborAgora","isPartOf":{"@id":"https:\/\/laboragora.com\/#website"},"primaryImageOfPage":{"@id":"https:\/\/laboragora.com\/index.php\/2021\/02\/23\/avons-nous-vraiment-une-personnalite\/#primaryimage"},"image":{"@id":"https:\/\/laboragora.com\/index.php\/2021\/02\/23\/avons-nous-vraiment-une-personnalite\/#primaryimage"},"thumbnailUrl":"https:\/\/laboragora.com\/wp-content\/uploads\/2021\/02\/pexels-anna-shvets-5325588-scaled.jpg","datePublished":"2021-02-23T09:43:09+00:00","dateModified":"2023-06-13T08:34:35+00:00","description":"Les explications du comportement bas\u00e9es sur la personnalit\u00e9 ou les soft-skills sont fr\u00e9quentes. Pourtant, l'humain est plus complexe. Le contexte social influence beaucoup qui nous sommes et comment nous nous comportons.","breadcrumb":{"@id":"https:\/\/laboragora.com\/index.php\/2021\/02\/23\/avons-nous-vraiment-une-personnalite\/#breadcrumb"},"inLanguage":"fr-FR","potentialAction":[{"@type":"ReadAction","target":["https:\/\/laboragora.com\/index.php\/2021\/02\/23\/avons-nous-vraiment-une-personnalite\/"]}]},{"@type":"ImageObject","inLanguage":"fr-FR","@id":"https:\/\/laboragora.com\/index.php\/2021\/02\/23\/avons-nous-vraiment-une-personnalite\/#primaryimage","url":"https:\/\/laboragora.com\/wp-content\/uploads\/2021\/02\/pexels-anna-shvets-5325588-scaled.jpg","contentUrl":"https:\/\/laboragora.com\/wp-content\/uploads\/2021\/02\/pexels-anna-shvets-5325588-scaled.jpg","width":2560,"height":1707,"caption":"Smiling multiracial teenagers and child in casual apparel in studio by Anna Shvets"},{"@type":"BreadcrumbList","@id":"https:\/\/laboragora.com\/index.php\/2021\/02\/23\/avons-nous-vraiment-une-personnalite\/#breadcrumb","itemListElement":[{"@type":"ListItem","position":1,"name":"Accueil","item":"https:\/\/laboragora.com\/"},{"@type":"ListItem","position":2,"name":"Avons-nous vraiment une personnalit\u00e9 ?"}]},{"@type":"WebSite","@id":"https:\/\/laboragora.com\/#website","url":"https:\/\/laboragora.com\/","name":"LaborAgora","description":"De la recherche scientifique au management","publisher":{"@id":"https:\/\/laboragora.com\/#organization"},"potentialAction":[{"@type":"SearchAction","target":{"@type":"EntryPoint","urlTemplate":"https:\/\/laboragora.com\/?s={search_term_string}"},"query-input":{"@type":"PropertyValueSpecification","valueRequired":true,"valueName":"search_term_string"}}],"inLanguage":"fr-FR"},{"@type":"Organization","@id":"https:\/\/laboragora.com\/#organization","name":"LaborAgora","url":"https:\/\/laboragora.com\/","logo":{"@type":"ImageObject","inLanguage":"fr-FR","@id":"https:\/\/laboragora.com\/#\/schema\/logo\/image\/","url":"https:\/\/laboragora.com\/wp-content\/uploads\/2023\/08\/Slide1-1.png","contentUrl":"https:\/\/laboragora.com\/wp-content\/uploads\/2023\/08\/Slide1-1.png","width":2646,"height":720,"caption":"LaborAgora"},"image":{"@id":"https:\/\/laboragora.com\/#\/schema\/logo\/image\/"},"sameAs":["https:\/\/x.com\/LaborAgora"]},{"@type":"Person","@id":"https:\/\/laboragora.com\/#\/schema\/person\/903c73d6caff08cceb95a301a1521f12","name":"Benjamin Pastorelli","image":{"@type":"ImageObject","inLanguage":"fr-FR","@id":"https:\/\/laboragora.com\/#\/schema\/person\/image\/","url":"https:\/\/secure.gravatar.com\/avatar\/e805cffd603773d5a4754cbab9f483dc?s=96&d=mm&r=g","contentUrl":"https:\/\/secure.gravatar.com\/avatar\/e805cffd603773d5a4754cbab9f483dc?s=96&d=mm&r=g","caption":"Benjamin Pastorelli"},"description":"Benjamin est docteur en psychologie. Il a enseign\u00e9 les sciences sociales et cognitives \u00e0 l'universit\u00e9 en France, en Suisse et en Irlande. Son expertise se centre autour de la diversit\u00e9, de l'inclusion, des discriminations et de l'interculturalit\u00e9. Il \u0153uvre pour la mise en valeur des diff\u00e9rences et la lutte contre les discriminations. Benjamin est aussi vulgarisateur scientifique et blogueur depuis de nombreuses ann\u00e9es.","sameAs":["https:\/\/www.linkedin.com\/in\/bfpastorelli\/","https:\/\/x.com\/BFPastorelli"],"url":"https:\/\/laboragora.com\/index.php\/author\/benjamin-pastorelli\/"}]}},"_links":{"self":[{"href":"https:\/\/laboragora.com\/index.php\/wp-json\/wp\/v2\/posts\/1858","targetHints":{"allow":["GET"]}}],"collection":[{"href":"https:\/\/laboragora.com\/index.php\/wp-json\/wp\/v2\/posts"}],"about":[{"href":"https:\/\/laboragora.com\/index.php\/wp-json\/wp\/v2\/types\/post"}],"author":[{"embeddable":true,"href":"https:\/\/laboragora.com\/index.php\/wp-json\/wp\/v2\/users\/2"}],"replies":[{"embeddable":true,"href":"https:\/\/laboragora.com\/index.php\/wp-json\/wp\/v2\/comments?post=1858"}],"version-history":[{"count":8,"href":"https:\/\/laboragora.com\/index.php\/wp-json\/wp\/v2\/posts\/1858\/revisions"}],"predecessor-version":[{"id":2031,"href":"https:\/\/laboragora.com\/index.php\/wp-json\/wp\/v2\/posts\/1858\/revisions\/2031"}],"wp:featuredmedia":[{"embeddable":true,"href":"https:\/\/laboragora.com\/index.php\/wp-json\/wp\/v2\/media\/1859"}],"wp:attachment":[{"href":"https:\/\/laboragora.com\/index.php\/wp-json\/wp\/v2\/media?parent=1858"}],"wp:term":[{"taxonomy":"category","embeddable":true,"href":"https:\/\/laboragora.com\/index.php\/wp-json\/wp\/v2\/categories?post=1858"},{"taxonomy":"post_tag","embeddable":true,"href":"https:\/\/laboragora.com\/index.php\/wp-json\/wp\/v2\/tags?post=1858"}],"curies":[{"name":"wp","href":"https:\/\/api.w.org\/{rel}","templated":true}]}}