{"id":1280,"date":"2019-04-18T11:21:12","date_gmt":"2019-04-18T09:21:12","guid":{"rendered":"http:\/\/laboragora.com\/?p=1280"},"modified":"2021-04-30T10:48:39","modified_gmt":"2021-04-30T08:48:39","slug":"avez-vous-une-bonne-competence-interculturelle","status":"publish","type":"post","link":"https:\/\/laboragora.com\/index.php\/2019\/04\/18\/avez-vous-une-bonne-competence-interculturelle\/","title":{"rendered":"Avez-vous une bonne comp\u00e9tence interculturelle ?"},"content":{"rendered":"\n<p>Dans un monde globalis\u00e9 comme le n\u00f4tre, une bonne comp\u00e9tence\ninterculturelle est un atout majeur. Malgr\u00e9 cela et comme le constatent\nBrinkman et Van Weerdenburg, \u00ab&nbsp;le besoin de comp\u00e9tence interculturelle\nchez les professionnels travaillant entre plusieurs pays est largement\nsous-estim\u00e9&nbsp;\u00bb (p.99&nbsp;; \u00ab&nbsp;The need for intercultural competence\ndevelopment for today\u2019s global professionals is widely underestimated&nbsp;\u00bb)<sup>1<\/sup>.<\/p>\n\n\n\n<p>De quoi parle-t-on exactement&nbsp;? La <em>comp\u00e9tence interculturelle<\/em> est la capacit\u00e9 \u00e0 g\u00e9rer efficacement les\nsituations de contact entre individus issus de cultures diff\u00e9rentes. Plusieurs\ntermes ont pu lui \u00eatre associ\u00e9s comme l\u2019<em>habilit\u00e9\nd\u2019adaptation interculturelle<\/em>, la <em>sensitivit\u00e9\ninterculturelle<\/em>, la<em> communication\ninterculturelle<\/em>, etc. Chacun de ces termes (comp\u00e9tence interculturelle\ncompris&nbsp;!) incorpore une partie du concept, d\u2019o\u00f9 notre choix d\u2019une\nd\u00e9finition large.<\/p>\n\n\n\n<p>Voyons ensemble comment se construit notre comp\u00e9tence\ninterculturelle (CI), les qualit\u00e9s personnelles qui la sous-tendent et comment\nla d\u00e9velopper.<\/p>\n\n\n\n<h2 class=\"wp-block-heading\">La construction de notre comp\u00e9tence interculturelle<\/h2>\n\n\n\n<p>L\u2019un des mod\u00e8les th\u00e9oriques les plus influents pour d\u00e9crire\nle d\u00e9veloppement de notre CI repose sur l\u2019approche constructiviste de Milton J.\nBennett&nbsp;: le Developmental Model of Intercultural Sensitivity (DMIS)<sup>2<\/sup>.\nL\u2019auteur propose six \u00e9tapes \u00e0 gravir pour passer d\u2019un mode de pens\u00e9e\nmonoculturel \u00e0 un mode de pens\u00e9e multiculturel. Dans l\u2019ordre&nbsp;: le d\u00e9ni, la\nd\u00e9fense, la minimalisation, l\u2019acceptation, l\u2019adaptation et l\u2019int\u00e9gration, comme\nillustr\u00e9 par la figure ci-dessous. D\u00e9taillons ces \u00e9tapes.<\/p>\n\n\n\n<h3 class=\"wp-block-heading\"><strong>1. D\u00e9ni<\/strong><\/h3>\n\n\n\n<p>A ce stade, les diff\u00e9rences interculturelles nous sont\ninconnues. La r\u00e9alit\u00e9 est refl\u00e9t\u00e9e uniquement par le point de vue de notre\npropre culture.<\/p>\n\n\n\n<p><strong>Pour passer \u00e0 l\u2019\u00e9tape\nsup\u00e9rieure<\/strong>&nbsp;: Nous devons prendre conscience de l\u2019existence d\u2019autres\ncultures et de ce qui les diff\u00e9rencie de la n\u00f4tre.<\/p>\n\n\n\n<h3 class=\"wp-block-heading\"><strong>2. D\u00e9fense<\/strong><\/h3>\n\n\n\n<p>Nous reconnaissons les autres cultures, mais nous nous en\nm\u00e9fions, souvent par m\u00e9connaissance et \u00e0 cause de st\u00e9r\u00e9otypes.<\/p>\n\n\n\n<p><strong>Pour passer \u00e0 l\u2019\u00e9tape\nsuivante<\/strong>&nbsp;: Nous devons trouver des similarit\u00e9s entre notre propre\nculture et celle des autres.<\/p>\n\n\n\n<h3 class=\"wp-block-heading\"><strong>3. Minimalisation<\/strong><\/h3>\n\n\n\n<p>Nous minimalisons les diff\u00e9rences entre nous et les autres,\nmais en percevant les valeurs de notre culture comme universelle et sans\nconsid\u00e9rer la vision des cultures \u00e9trang\u00e8res.<\/p>\n\n\n\n<p><strong>Pour passer \u00e0 l\u2019\u00e9tape\nsuivante<\/strong>&nbsp;: Nous devons saisir la dimension de ce qui nous diff\u00e9rencie\ndes autres et nous y ouvrir.<\/p>\n\n\n\n<h3 class=\"wp-block-heading\"><strong>4. Acceptation<\/strong><\/h3>\n\n\n\n<p>Nous reconnaissons les sp\u00e9cificit\u00e9s des autres cultures et\nsommes curieux \u00e0 leur \u00e9gard. Mais nos faibles connaissances les concernant ne\nnous permet pas encore de g\u00e9rer efficacement les situations interculturelles.<\/p>\n\n\n\n<p><strong>Pour passer \u00e0 l\u2019\u00e9tape\nsuivante<\/strong>&nbsp;: Nous devons explorer, d\u00e9couvrir et assimiler les\ndiff\u00e9rences interculturelles, afin de commencer \u00e0 comprendre le point de vue\ndes autres cultures.<\/p>\n\n\n\n<h3 class=\"wp-block-heading\"><strong>5. Adaptation<\/strong><\/h3>\n\n\n\n<p>Nous d\u00e9veloppons de l\u2019empathie \u00e0 l\u2019\u00e9gard des autres cultures\net sommes capables de voir le monde de leurs points de vue.<\/p>\n\n\n\n<p><strong>Pour passer \u00e0 l\u2019\u00e9tape suivante<\/strong>&nbsp;:&nbsp; Nous devons pousser plus loin l&#8217;empathie pour int\u00e9grer leurs visions du monde et la n\u00f4tre. <\/p>\n\n\n\n<h3 class=\"wp-block-heading\"><strong>6. Int\u00e9gration<\/strong><\/h3>\n\n\n\n<p>Nous int\u00e9grons les \u00e9l\u00e9ments de diff\u00e9rentes cultures dans\nnotre propre vision du monde et sommes capables changer de point de vue\nculturel ais\u00e9ment.<\/p>\n\n\n\n<h2 class=\"wp-block-heading\">Les qualit\u00e9s qui soutiennent notre comp\u00e9tence interculturelle<\/h2>\n\n\n\n<p>Gravir les six \u00e9tapes de l\u2019\u00e9chelle de Bennett n\u00e9cessite un\nr\u00e9el travail sur soi&nbsp;; bien plus que beaucoup ne le pensent. Mais\nplusieurs de nos qualit\u00e9s personnelles peuvent nous aider dans notre ascension,\ncomme le propose une \u00e9quipe n\u00e9erlando-am\u00e9ricaine<sup>3<\/sup>. Les d\u00e9velopper et\nles entretenir constituent le passage oblig\u00e9 pour atteindre une bonne CI.<\/p>\n\n\n\n<ul class=\"wp-block-list\"><li><strong>L\u2019empathie culturelle<\/strong>&nbsp;:\nNous sommes capables de nous mettre \u00e0 la place des autres pour essayer de les\ncomprendre, de voir le monde par leurs yeux.<\/li><li><strong>L\u2019ouverture d\u2019esprit<\/strong>&nbsp;:\nIl est important de garder une certaine bienveillance \u00e0 l\u2019\u00e9gard des us et\ncoutumes \u00e9trang\u00e8res, de ne pas les juger, mais au contraire de les accepter\ndans leurs sp\u00e9cificit\u00e9s et leurs diff\u00e9rences.<\/li><li><strong>La stabilit\u00e9 \u00e9motionnelle<\/strong>&nbsp;: Notre capacit\u00e9 \u00e0 rester calme devant des situations\ninterculturelles difficiles est la premi\u00e8re \u00e9tape pour les comprendre et\napprendre d\u2019elles.<\/li><li><strong>L\u2019initiative sociale<\/strong>&nbsp;:\nFaire l\u2019exp\u00e9rience de l\u2019interculturalit\u00e9 n\u00e9cessite d\u2019aller \u00e0 la rencontre des\nautres, d\u2019oser faire ce premier pas.<\/li><li><strong>La flexibilit\u00e9<\/strong>&nbsp;:\nLes situations de contact interculturel nous poussent \u00e0 nous adapter\nrapidement.<\/li><\/ul>\n\n\n\n<h2 class=\"wp-block-heading\">D\u00e9velopper sa comp\u00e9tence interculturelle<\/h2>\n\n\n\n<p>Au c\u0153ur du d\u00e9veloppement de notre CI se trouve notre\ncapacit\u00e9 \u00e0 prendre conscience des autres cultures. Ceci doit se faire avec une\ncertaine ouverture d\u2019esprit et la capacit\u00e9 d\u2019accepter la diff\u00e9rence. D\u00e9velopper\nnotre sensibilit\u00e9 aux diff\u00e9rences interculturelles am\u00e9liore notre attitude \u00e0\nl\u2019\u00e9gard des \u00e9trangers, mais permet aussi d\u2019am\u00e9liorer nos aptitudes\ninterculturelles (capacit\u00e9 \u00e0 communiquer, \u00e0 se comporter convenablement, etc.)\net de mieux les comprendre.<\/p>\n\n\n\n<p>Alvino Fantini<sup>4<\/sup> propose ainsi un mod\u00e8le <em>A+ASK<\/em> pour <em>Awarenesse<\/em> (prise de conscience), <em>Attitudes<\/em>, <em>Skills<\/em>\n(aptitudes) et <em>Knowledges<\/em>\n(connaissances). L\u2019auteur y ajoute la maitrise de la langue. Quoiqu\u2019il en soit,\net comme illustr\u00e9 ci-dessous, il met bien en avant le r\u00f4le central de la prise\nde conscience dans le d\u00e9veloppement de notre CI.<\/p>\n\n\n\n<div class=\"wp-block-image\"><figure class=\"aligncenter is-resized\"><img loading=\"lazy\" decoding=\"async\" src=\"https:\/\/laboragora.com\/wp-content\/uploads\/2019\/04\/AASK-annot\u00e9.jpg\" alt=\"Le mod\u00e8le A+ASK de Fantini\" class=\"wp-image-1293\" width=\"553\" height=\"287\" srcset=\"https:\/\/laboragora.com\/wp-content\/uploads\/2019\/04\/AASK-annot\u00e9.jpg 801w, https:\/\/laboragora.com\/wp-content\/uploads\/2019\/04\/AASK-annot\u00e9-300x156.jpg 300w, https:\/\/laboragora.com\/wp-content\/uploads\/2019\/04\/AASK-annot\u00e9-768x400.jpg 768w\" sizes=\"auto, (max-width: 553px) 100vw, 553px\" \/><figcaption>Le mod\u00e8le A+ASK de Fantini<\/figcaption><\/figure><\/div>\n\n\n\n<p>De nombreuses formations existent pour am\u00e9liorer sa CI, mais\nla meilleure \u00e9cole reste le contact. En effet, le meilleur moyen de d\u00e9velopper\nsa CI reste de se confronter \u00e0 la diff\u00e9rence culturelle. L\u2019id\u00e9al est bien s\u00fbr\nde rencontrer et d\u2019interagir positivement avec des \u00e9trangers. Mais il \u00e9galement\npossible de faire l\u2019exp\u00e9rience de l\u2019interculturalit\u00e9 par d\u2019autres moyens.<\/p>\n\n\n\n<p>Le plus agr\u00e9able d\u2019entre eux est certainement de passer par\nl\u2019art. Chaque culture produit des \u0153uvres artistiques qui la refl\u00e8te (films,\nlivres, s\u00e9ries, jeux vid\u00e9o, etc.) et par lesquelles il est possible d\u2019entrevoir\nses sp\u00e9cificit\u00e9s, parfois d\u00e9routantes pour nous.<\/p>\n\n\n\n<p>Un autre moyen, plus scolaire, consiste simplement \u00e0 se\nrenseigner sur les autres cultures et sur les coutumes associ\u00e9es. Par exemple,\ndes ouvrages, comme le c\u00e9l\u00e8bre <em>Europ\u00e9ens\n&amp; Japonais<\/em> de Lu\u00eds Fr\u00f3is, recueillent les diff\u00e9rences entre la culture\njaponaise et notre culture europ\u00e9enne. <\/p>\n\n\n\n<h2 class=\"wp-block-heading\">Conclusion<\/h2>\n\n\n\n<p>Dans notre monde globalis\u00e9, d\u00e9velopper\nune bonne comp\u00e9tence interculturelle est essentiel, m\u00eame si cela peut prendre\ndu temps. L\u2019atteinte d\u2019une bonne CI se fonde sur la prise de conscience des diff\u00e9rences\ninterculturelles avec bienveillance et ouverture d\u2019esprit.<\/p>\n\n\n\n<p>Si l\u2019apprentissage de ces diff\u00e9rences est important (que ce soit par des rencontres, des ouvrages, des productions culturelles, etc.), il est primordial de garder \u00e0 l\u2019esprit que chaque individu est unique. M\u00eame si nous sommes tous influenc\u00e9s par notre culture, nous gardons des particularit\u00e9s individuelles qui nous diff\u00e9rencient des autres et qui peuvent nous \u00e9loigner fortement du prototype de notre culture. Rester flexibles dans notre \u00e9valuation d\u2019autrui peut nous \u00e9viter bien des erreurs&nbsp;! Mais si vous avez lu notre article, <em><a href=\"https:\/\/laboragora.com\/index.php\/2017\/03\/23\/diversite-culturelle-existe-t-elle-vraiment\/\">Diversit\u00e9 culturelle : existe-t-elle vraiment ?<\/a><\/em>, vous le savez d\u00e9j\u00e0&nbsp;!<\/p>\n\n\n\n<h2 class=\"wp-block-heading\">Aller plus loin<\/h2>\n\n\n\n<ul class=\"wp-block-list\"><li><a href=\"https:\/\/www.deboecksuperieur.com\/ouvrage\/9782804189365-psychologie-interculturelle\">Plivard, I. (2014). <\/a><em><a href=\"https:\/\/www.deboecksuperieur.com\/ouvrage\/9782804189365-psychologie-interculturelle\">Psychologie interculturelle<\/a><\/em><a href=\"https:\/\/www.deboecksuperieur.com\/ouvrage\/9782804189365-psychologie-interculturelle\">. De Boeck Sup\u00e9rieur.<\/a><\/li><li><a href=\"https:\/\/www.erinmeyer.com\/book\/\">Meyer, E. (2014). <\/a><em><a href=\"https:\/\/www.erinmeyer.com\/book\/\">The culture map: Breaking through the invisible boundaries of global business<\/a><\/em><a href=\"https:\/\/www.erinmeyer.com\/book\/\">. Public Affairs.<\/a><\/li><li><a rel=\"noreferrer noopener\" href=\"https:\/\/laboragora.com\/index.php\/2017\/03\/23\/la-diversite-culturelle-existe-t-elle-vraiment\/\" target=\"_blank\">Du m\u00eame auteur. (2017). <em>Diversit\u00e9 culturelle : existe-t-elle vraiment<\/em> ?<\/a><\/li><li><a rel=\"noreferrer noopener\" href=\"https:\/\/laboragora.com\/index.php\/2020\/04\/01\/hofstede-schwartz-pourquoi-les-apprendre-et-quand-les-oublier\/\" target=\"_blank\">Du m\u00eame auteur. (2020). <em>Hofstede, Schwartz,\u2026 Pourquoi les apprendre et quand les oublier ?<\/em><\/a><\/li><li><a rel=\"noreferrer noopener\" href=\"https:\/\/laboragora.com\/index.php\/2020\/02\/25\/leadership-inclusif-le-comprendre-et-lappliquer\/\" target=\"_blank\">Du m\u00eame auteur. (2020). <em>Leadership inclusif : le comprendre et l\u2019appliquer<\/em>.<\/a><\/li><li><a href=\"https:\/\/laboragora.com\/index.php\/2020\/01\/23\/discriminer-sans-sen-rendre-compte\/\" target=\"_blank\" rel=\"noreferrer noopener\">Du m\u00eame auteur. (2020). <em>Discriminer sans s&rsquo;en rendre compte<\/em>.<\/a><\/li><\/ul>\n\n\n\n<h2 class=\"wp-block-heading\">R\u00e9f\u00e9rences<\/h2>\n\n\n\n<ol class=\"wp-block-list\"><li>Brinkman, U., &amp; van Weerdenburg, O. (2014). <em>Intercultural      Readiness: Four competencies for working across culture<\/em>. Hampshire      and New York: Palgrave Macmillan.<\/li><li><a href=\"https:\/\/www.sciencedirect.com\/science\/article\/abs\/pii\/0147176786900052\">Bennett, M. J. (1986). A developmental approach to training for intercultural sensitivity. <\/a><em><a href=\"https:\/\/www.sciencedirect.com\/science\/article\/abs\/pii\/0147176786900052\">International journal of intercultural relations<\/a><\/em><a href=\"https:\/\/www.sciencedirect.com\/science\/article\/abs\/pii\/0147176786900052\">,      <\/a><em><a href=\"https:\/\/www.sciencedirect.com\/science\/article\/abs\/pii\/0147176786900052\">10<\/a><\/em><a href=\"https:\/\/www.sciencedirect.com\/science\/article\/abs\/pii\/0147176786900052\">(2), 179-196<\/a>. Pour une version plus r\u00e9cente voir : Bennett, M. (2017) Development model of intercultural sensitivity. In Kim, Y (Ed) International encyclopedia of intercultural communication. Wiley<\/li><li><a href=\"https:\/\/www.tandfonline.com\/doi\/abs\/10.1080\/00223891.2012.718302\">Van Der Zee, K., Van Oudenhoven, J. P., Ponterotto, J. G., &amp; Fietzer, A.      W. (2013). Multicultural personality questionnaire: Development of a short form. <\/a><em><a href=\"https:\/\/www.tandfonline.com\/doi\/abs\/10.1080\/00223891.2012.718302\">Journal of Personality Assessment<\/a><\/em><a href=\"https:\/\/www.tandfonline.com\/doi\/abs\/10.1080\/00223891.2012.718302\">, 95(1), 118\u2013124<\/a>. <\/li><li><a href=\"http:\/\/citeseerx.ist.psu.edu\/viewdoc\/download?doi=10.1.1.117.8512&amp;rep=rep1&amp;type=pdf#page=33\">Fantini, A. E. (2000). A central concern: Developing intercultural      competence. <\/a><em><a href=\"http:\/\/citeseerx.ist.psu.edu\/viewdoc\/download?doi=10.1.1.117.8512&amp;rep=rep1&amp;type=pdf#page=33\">SIT Occasional Papers Series<\/a><\/em><a href=\"http:\/\/citeseerx.ist.psu.edu\/viewdoc\/download?doi=10.1.1.117.8512&amp;rep=rep1&amp;type=pdf#page=33\">, 1, 25\u201342<\/a>.<\/li><\/ol>\n\n\n\n<p class=\"has-text-align-center\"><strong>Image de couverture : <a href=\"https:\/\/www.pexels.com\/@thelazyartist\/\">The Lazy Artist<\/a><\/strong><\/p>\n","protected":false},"excerpt":{"rendered":"<p>Dans notre monde globalis\u00e9, une bonne comp\u00e9tence interculturelle (CI) est un atout majeur. Pourtant le besoin en CI est largement sous-estim\u00e9. Voyons ensemble comment se construit notre comp\u00e9tence interculturelle (CI), les qualit\u00e9s personnelles qui la sous-tendent et comment la d\u00e9velopper.<\/p>\n","protected":false},"author":2,"featured_media":1289,"comment_status":"closed","ping_status":"closed","sticky":false,"template":"","format":"standard","meta":{"footnotes":""},"categories":[3],"tags":[115,20,21,116,49,112],"class_list":["post-1280","post","type-post","status-publish","format-standard","has-post-thumbnail","hentry","category-efficacite-individuelle","tag-adaptation","tag-communication","tag-competence","tag-competence-interculturelle","tag-interculturalite","tag-ouverture-desprit"],"yoast_head":"<!-- This site is optimized with the Yoast SEO plugin v25.5 - https:\/\/yoast.com\/wordpress\/plugins\/seo\/ -->\n<title>Avez-vous une bonne comp\u00e9tence interculturelle ? - LaborAgora<\/title>\n<meta name=\"robots\" content=\"index, follow, max-snippet:-1, max-image-preview:large, max-video-preview:-1\" \/>\n<link rel=\"canonical\" href=\"https:\/\/laboragora.com\/index.php\/2019\/04\/18\/avez-vous-une-bonne-competence-interculturelle\/\" \/>\n<meta property=\"og:locale\" content=\"fr_FR\" \/>\n<meta property=\"og:type\" content=\"article\" \/>\n<meta property=\"og:title\" content=\"Avez-vous une bonne comp\u00e9tence interculturelle ? - LaborAgora\" \/>\n<meta property=\"og:description\" content=\"Dans notre monde globalis\u00e9, une bonne comp\u00e9tence interculturelle (CI) est un atout majeur. Pourtant le besoin en CI est largement sous-estim\u00e9. Voyons ensemble comment se construit notre comp\u00e9tence interculturelle (CI), les qualit\u00e9s personnelles qui la sous-tendent et comment la d\u00e9velopper.\" \/>\n<meta property=\"og:url\" content=\"https:\/\/laboragora.com\/index.php\/2019\/04\/18\/avez-vous-une-bonne-competence-interculturelle\/\" \/>\n<meta property=\"og:site_name\" content=\"LaborAgora\" \/>\n<meta property=\"article:published_time\" content=\"2019-04-18T09:21:12+00:00\" \/>\n<meta property=\"article:modified_time\" content=\"2021-04-30T08:48:39+00:00\" \/>\n<meta property=\"og:image\" content=\"https:\/\/laboragora.com\/wp-content\/uploads\/2019\/04\/airplane-architecture-bird-s-eye-view-1302991.jpg\" \/>\n\t<meta property=\"og:image:width\" content=\"3499\" \/>\n\t<meta property=\"og:image:height\" content=\"2242\" \/>\n\t<meta property=\"og:image:type\" content=\"image\/jpeg\" \/>\n<meta name=\"author\" content=\"Benjamin Pastorelli\" \/>\n<meta name=\"twitter:card\" content=\"summary_large_image\" \/>\n<meta name=\"twitter:creator\" content=\"@BFPastorelli\" \/>\n<meta name=\"twitter:site\" content=\"@LaborAgora\" \/>\n<meta name=\"twitter:label1\" content=\"\u00c9crit par\" \/>\n\t<meta name=\"twitter:data1\" content=\"Benjamin Pastorelli\" \/>\n\t<meta name=\"twitter:label2\" content=\"Dur\u00e9e de lecture estim\u00e9e\" \/>\n\t<meta name=\"twitter:data2\" content=\"6 minutes\" \/>\n<script type=\"application\/ld+json\" class=\"yoast-schema-graph\">{\"@context\":\"https:\/\/schema.org\",\"@graph\":[{\"@type\":\"Article\",\"@id\":\"https:\/\/laboragora.com\/index.php\/2019\/04\/18\/avez-vous-une-bonne-competence-interculturelle\/#article\",\"isPartOf\":{\"@id\":\"https:\/\/laboragora.com\/index.php\/2019\/04\/18\/avez-vous-une-bonne-competence-interculturelle\/\"},\"author\":{\"name\":\"Benjamin Pastorelli\",\"@id\":\"https:\/\/laboragora.com\/#\/schema\/person\/903c73d6caff08cceb95a301a1521f12\"},\"headline\":\"Avez-vous une bonne comp\u00e9tence interculturelle ?\",\"datePublished\":\"2019-04-18T09:21:12+00:00\",\"dateModified\":\"2021-04-30T08:48:39+00:00\",\"mainEntityOfPage\":{\"@id\":\"https:\/\/laboragora.com\/index.php\/2019\/04\/18\/avez-vous-une-bonne-competence-interculturelle\/\"},\"wordCount\":1375,\"publisher\":{\"@id\":\"https:\/\/laboragora.com\/#organization\"},\"image\":{\"@id\":\"https:\/\/laboragora.com\/index.php\/2019\/04\/18\/avez-vous-une-bonne-competence-interculturelle\/#primaryimage\"},\"thumbnailUrl\":\"https:\/\/laboragora.com\/wp-content\/uploads\/2019\/04\/airplane-architecture-bird-s-eye-view-1302991.jpg\",\"keywords\":[\"Adaptation\",\"Communication\",\"Comp\u00e9tence\",\"Comp\u00e9tence interculturelle\",\"Interculturalit\u00e9\",\"Ouverture d'esprit\"],\"articleSection\":[\"Efficacit\u00e9 individuelle\"],\"inLanguage\":\"fr-FR\"},{\"@type\":\"WebPage\",\"@id\":\"https:\/\/laboragora.com\/index.php\/2019\/04\/18\/avez-vous-une-bonne-competence-interculturelle\/\",\"url\":\"https:\/\/laboragora.com\/index.php\/2019\/04\/18\/avez-vous-une-bonne-competence-interculturelle\/\",\"name\":\"Avez-vous une bonne comp\u00e9tence interculturelle ? - LaborAgora\",\"isPartOf\":{\"@id\":\"https:\/\/laboragora.com\/#website\"},\"primaryImageOfPage\":{\"@id\":\"https:\/\/laboragora.com\/index.php\/2019\/04\/18\/avez-vous-une-bonne-competence-interculturelle\/#primaryimage\"},\"image\":{\"@id\":\"https:\/\/laboragora.com\/index.php\/2019\/04\/18\/avez-vous-une-bonne-competence-interculturelle\/#primaryimage\"},\"thumbnailUrl\":\"https:\/\/laboragora.com\/wp-content\/uploads\/2019\/04\/airplane-architecture-bird-s-eye-view-1302991.jpg\",\"datePublished\":\"2019-04-18T09:21:12+00:00\",\"dateModified\":\"2021-04-30T08:48:39+00:00\",\"breadcrumb\":{\"@id\":\"https:\/\/laboragora.com\/index.php\/2019\/04\/18\/avez-vous-une-bonne-competence-interculturelle\/#breadcrumb\"},\"inLanguage\":\"fr-FR\",\"potentialAction\":[{\"@type\":\"ReadAction\",\"target\":[\"https:\/\/laboragora.com\/index.php\/2019\/04\/18\/avez-vous-une-bonne-competence-interculturelle\/\"]}]},{\"@type\":\"ImageObject\",\"inLanguage\":\"fr-FR\",\"@id\":\"https:\/\/laboragora.com\/index.php\/2019\/04\/18\/avez-vous-une-bonne-competence-interculturelle\/#primaryimage\",\"url\":\"https:\/\/laboragora.com\/wp-content\/uploads\/2019\/04\/airplane-architecture-bird-s-eye-view-1302991.jpg\",\"contentUrl\":\"https:\/\/laboragora.com\/wp-content\/uploads\/2019\/04\/airplane-architecture-bird-s-eye-view-1302991.jpg\",\"width\":3499,\"height\":2242,\"caption\":\"by Lazy Artist\"},{\"@type\":\"BreadcrumbList\",\"@id\":\"https:\/\/laboragora.com\/index.php\/2019\/04\/18\/avez-vous-une-bonne-competence-interculturelle\/#breadcrumb\",\"itemListElement\":[{\"@type\":\"ListItem\",\"position\":1,\"name\":\"Accueil\",\"item\":\"https:\/\/laboragora.com\/\"},{\"@type\":\"ListItem\",\"position\":2,\"name\":\"Avez-vous une bonne comp\u00e9tence interculturelle ?\"}]},{\"@type\":\"WebSite\",\"@id\":\"https:\/\/laboragora.com\/#website\",\"url\":\"https:\/\/laboragora.com\/\",\"name\":\"LaborAgora\",\"description\":\"De la recherche scientifique au management\",\"publisher\":{\"@id\":\"https:\/\/laboragora.com\/#organization\"},\"potentialAction\":[{\"@type\":\"SearchAction\",\"target\":{\"@type\":\"EntryPoint\",\"urlTemplate\":\"https:\/\/laboragora.com\/?s={search_term_string}\"},\"query-input\":{\"@type\":\"PropertyValueSpecification\",\"valueRequired\":true,\"valueName\":\"search_term_string\"}}],\"inLanguage\":\"fr-FR\"},{\"@type\":\"Organization\",\"@id\":\"https:\/\/laboragora.com\/#organization\",\"name\":\"LaborAgora\",\"url\":\"https:\/\/laboragora.com\/\",\"logo\":{\"@type\":\"ImageObject\",\"inLanguage\":\"fr-FR\",\"@id\":\"https:\/\/laboragora.com\/#\/schema\/logo\/image\/\",\"url\":\"https:\/\/laboragora.com\/wp-content\/uploads\/2023\/08\/Slide1-1.png\",\"contentUrl\":\"https:\/\/laboragora.com\/wp-content\/uploads\/2023\/08\/Slide1-1.png\",\"width\":2646,\"height\":720,\"caption\":\"LaborAgora\"},\"image\":{\"@id\":\"https:\/\/laboragora.com\/#\/schema\/logo\/image\/\"},\"sameAs\":[\"https:\/\/x.com\/LaborAgora\"]},{\"@type\":\"Person\",\"@id\":\"https:\/\/laboragora.com\/#\/schema\/person\/903c73d6caff08cceb95a301a1521f12\",\"name\":\"Benjamin Pastorelli\",\"image\":{\"@type\":\"ImageObject\",\"inLanguage\":\"fr-FR\",\"@id\":\"https:\/\/laboragora.com\/#\/schema\/person\/image\/\",\"url\":\"https:\/\/secure.gravatar.com\/avatar\/e805cffd603773d5a4754cbab9f483dc?s=96&d=mm&r=g\",\"contentUrl\":\"https:\/\/secure.gravatar.com\/avatar\/e805cffd603773d5a4754cbab9f483dc?s=96&d=mm&r=g\",\"caption\":\"Benjamin Pastorelli\"},\"description\":\"Benjamin est docteur en psychologie. Il a enseign\u00e9 les sciences sociales et cognitives \u00e0 l'universit\u00e9 en France, en Suisse et en Irlande. Son expertise se centre autour de la diversit\u00e9, de l'inclusion, des discriminations et de l'interculturalit\u00e9. Il \u0153uvre pour la mise en valeur des diff\u00e9rences et la lutte contre les discriminations. Benjamin est aussi vulgarisateur scientifique et blogueur depuis de nombreuses ann\u00e9es.\",\"sameAs\":[\"https:\/\/www.linkedin.com\/in\/bfpastorelli\/\",\"https:\/\/x.com\/BFPastorelli\"],\"url\":\"https:\/\/laboragora.com\/index.php\/author\/benjamin-pastorelli\/\"}]}<\/script>\n<!-- \/ Yoast SEO plugin. -->","yoast_head_json":{"title":"Avez-vous une bonne comp\u00e9tence interculturelle ? - LaborAgora","robots":{"index":"index","follow":"follow","max-snippet":"max-snippet:-1","max-image-preview":"max-image-preview:large","max-video-preview":"max-video-preview:-1"},"canonical":"https:\/\/laboragora.com\/index.php\/2019\/04\/18\/avez-vous-une-bonne-competence-interculturelle\/","og_locale":"fr_FR","og_type":"article","og_title":"Avez-vous une bonne comp\u00e9tence interculturelle ? - LaborAgora","og_description":"Dans notre monde globalis\u00e9, une bonne comp\u00e9tence interculturelle (CI) est un atout majeur. Pourtant le besoin en CI est largement sous-estim\u00e9. Voyons ensemble comment se construit notre comp\u00e9tence interculturelle (CI), les qualit\u00e9s personnelles qui la sous-tendent et comment la d\u00e9velopper.","og_url":"https:\/\/laboragora.com\/index.php\/2019\/04\/18\/avez-vous-une-bonne-competence-interculturelle\/","og_site_name":"LaborAgora","article_published_time":"2019-04-18T09:21:12+00:00","article_modified_time":"2021-04-30T08:48:39+00:00","og_image":[{"width":3499,"height":2242,"url":"https:\/\/laboragora.com\/wp-content\/uploads\/2019\/04\/airplane-architecture-bird-s-eye-view-1302991.jpg","type":"image\/jpeg"}],"author":"Benjamin Pastorelli","twitter_card":"summary_large_image","twitter_creator":"@BFPastorelli","twitter_site":"@LaborAgora","twitter_misc":{"\u00c9crit par":"Benjamin Pastorelli","Dur\u00e9e de lecture estim\u00e9e":"6 minutes"},"schema":{"@context":"https:\/\/schema.org","@graph":[{"@type":"Article","@id":"https:\/\/laboragora.com\/index.php\/2019\/04\/18\/avez-vous-une-bonne-competence-interculturelle\/#article","isPartOf":{"@id":"https:\/\/laboragora.com\/index.php\/2019\/04\/18\/avez-vous-une-bonne-competence-interculturelle\/"},"author":{"name":"Benjamin Pastorelli","@id":"https:\/\/laboragora.com\/#\/schema\/person\/903c73d6caff08cceb95a301a1521f12"},"headline":"Avez-vous une bonne comp\u00e9tence interculturelle ?","datePublished":"2019-04-18T09:21:12+00:00","dateModified":"2021-04-30T08:48:39+00:00","mainEntityOfPage":{"@id":"https:\/\/laboragora.com\/index.php\/2019\/04\/18\/avez-vous-une-bonne-competence-interculturelle\/"},"wordCount":1375,"publisher":{"@id":"https:\/\/laboragora.com\/#organization"},"image":{"@id":"https:\/\/laboragora.com\/index.php\/2019\/04\/18\/avez-vous-une-bonne-competence-interculturelle\/#primaryimage"},"thumbnailUrl":"https:\/\/laboragora.com\/wp-content\/uploads\/2019\/04\/airplane-architecture-bird-s-eye-view-1302991.jpg","keywords":["Adaptation","Communication","Comp\u00e9tence","Comp\u00e9tence interculturelle","Interculturalit\u00e9","Ouverture d'esprit"],"articleSection":["Efficacit\u00e9 individuelle"],"inLanguage":"fr-FR"},{"@type":"WebPage","@id":"https:\/\/laboragora.com\/index.php\/2019\/04\/18\/avez-vous-une-bonne-competence-interculturelle\/","url":"https:\/\/laboragora.com\/index.php\/2019\/04\/18\/avez-vous-une-bonne-competence-interculturelle\/","name":"Avez-vous une bonne comp\u00e9tence interculturelle ? - LaborAgora","isPartOf":{"@id":"https:\/\/laboragora.com\/#website"},"primaryImageOfPage":{"@id":"https:\/\/laboragora.com\/index.php\/2019\/04\/18\/avez-vous-une-bonne-competence-interculturelle\/#primaryimage"},"image":{"@id":"https:\/\/laboragora.com\/index.php\/2019\/04\/18\/avez-vous-une-bonne-competence-interculturelle\/#primaryimage"},"thumbnailUrl":"https:\/\/laboragora.com\/wp-content\/uploads\/2019\/04\/airplane-architecture-bird-s-eye-view-1302991.jpg","datePublished":"2019-04-18T09:21:12+00:00","dateModified":"2021-04-30T08:48:39+00:00","breadcrumb":{"@id":"https:\/\/laboragora.com\/index.php\/2019\/04\/18\/avez-vous-une-bonne-competence-interculturelle\/#breadcrumb"},"inLanguage":"fr-FR","potentialAction":[{"@type":"ReadAction","target":["https:\/\/laboragora.com\/index.php\/2019\/04\/18\/avez-vous-une-bonne-competence-interculturelle\/"]}]},{"@type":"ImageObject","inLanguage":"fr-FR","@id":"https:\/\/laboragora.com\/index.php\/2019\/04\/18\/avez-vous-une-bonne-competence-interculturelle\/#primaryimage","url":"https:\/\/laboragora.com\/wp-content\/uploads\/2019\/04\/airplane-architecture-bird-s-eye-view-1302991.jpg","contentUrl":"https:\/\/laboragora.com\/wp-content\/uploads\/2019\/04\/airplane-architecture-bird-s-eye-view-1302991.jpg","width":3499,"height":2242,"caption":"by Lazy Artist"},{"@type":"BreadcrumbList","@id":"https:\/\/laboragora.com\/index.php\/2019\/04\/18\/avez-vous-une-bonne-competence-interculturelle\/#breadcrumb","itemListElement":[{"@type":"ListItem","position":1,"name":"Accueil","item":"https:\/\/laboragora.com\/"},{"@type":"ListItem","position":2,"name":"Avez-vous une bonne comp\u00e9tence interculturelle ?"}]},{"@type":"WebSite","@id":"https:\/\/laboragora.com\/#website","url":"https:\/\/laboragora.com\/","name":"LaborAgora","description":"De la recherche scientifique au management","publisher":{"@id":"https:\/\/laboragora.com\/#organization"},"potentialAction":[{"@type":"SearchAction","target":{"@type":"EntryPoint","urlTemplate":"https:\/\/laboragora.com\/?s={search_term_string}"},"query-input":{"@type":"PropertyValueSpecification","valueRequired":true,"valueName":"search_term_string"}}],"inLanguage":"fr-FR"},{"@type":"Organization","@id":"https:\/\/laboragora.com\/#organization","name":"LaborAgora","url":"https:\/\/laboragora.com\/","logo":{"@type":"ImageObject","inLanguage":"fr-FR","@id":"https:\/\/laboragora.com\/#\/schema\/logo\/image\/","url":"https:\/\/laboragora.com\/wp-content\/uploads\/2023\/08\/Slide1-1.png","contentUrl":"https:\/\/laboragora.com\/wp-content\/uploads\/2023\/08\/Slide1-1.png","width":2646,"height":720,"caption":"LaborAgora"},"image":{"@id":"https:\/\/laboragora.com\/#\/schema\/logo\/image\/"},"sameAs":["https:\/\/x.com\/LaborAgora"]},{"@type":"Person","@id":"https:\/\/laboragora.com\/#\/schema\/person\/903c73d6caff08cceb95a301a1521f12","name":"Benjamin Pastorelli","image":{"@type":"ImageObject","inLanguage":"fr-FR","@id":"https:\/\/laboragora.com\/#\/schema\/person\/image\/","url":"https:\/\/secure.gravatar.com\/avatar\/e805cffd603773d5a4754cbab9f483dc?s=96&d=mm&r=g","contentUrl":"https:\/\/secure.gravatar.com\/avatar\/e805cffd603773d5a4754cbab9f483dc?s=96&d=mm&r=g","caption":"Benjamin Pastorelli"},"description":"Benjamin est docteur en psychologie. Il a enseign\u00e9 les sciences sociales et cognitives \u00e0 l'universit\u00e9 en France, en Suisse et en Irlande. Son expertise se centre autour de la diversit\u00e9, de l'inclusion, des discriminations et de l'interculturalit\u00e9. Il \u0153uvre pour la mise en valeur des diff\u00e9rences et la lutte contre les discriminations. Benjamin est aussi vulgarisateur scientifique et blogueur depuis de nombreuses ann\u00e9es.","sameAs":["https:\/\/www.linkedin.com\/in\/bfpastorelli\/","https:\/\/x.com\/BFPastorelli"],"url":"https:\/\/laboragora.com\/index.php\/author\/benjamin-pastorelli\/"}]}},"_links":{"self":[{"href":"https:\/\/laboragora.com\/index.php\/wp-json\/wp\/v2\/posts\/1280","targetHints":{"allow":["GET"]}}],"collection":[{"href":"https:\/\/laboragora.com\/index.php\/wp-json\/wp\/v2\/posts"}],"about":[{"href":"https:\/\/laboragora.com\/index.php\/wp-json\/wp\/v2\/types\/post"}],"author":[{"embeddable":true,"href":"https:\/\/laboragora.com\/index.php\/wp-json\/wp\/v2\/users\/2"}],"replies":[{"embeddable":true,"href":"https:\/\/laboragora.com\/index.php\/wp-json\/wp\/v2\/comments?post=1280"}],"version-history":[{"count":14,"href":"https:\/\/laboragora.com\/index.php\/wp-json\/wp\/v2\/posts\/1280\/revisions"}],"predecessor-version":[{"id":1925,"href":"https:\/\/laboragora.com\/index.php\/wp-json\/wp\/v2\/posts\/1280\/revisions\/1925"}],"wp:featuredmedia":[{"embeddable":true,"href":"https:\/\/laboragora.com\/index.php\/wp-json\/wp\/v2\/media\/1289"}],"wp:attachment":[{"href":"https:\/\/laboragora.com\/index.php\/wp-json\/wp\/v2\/media?parent=1280"}],"wp:term":[{"taxonomy":"category","embeddable":true,"href":"https:\/\/laboragora.com\/index.php\/wp-json\/wp\/v2\/categories?post=1280"},{"taxonomy":"post_tag","embeddable":true,"href":"https:\/\/laboragora.com\/index.php\/wp-json\/wp\/v2\/tags?post=1280"}],"curies":[{"name":"wp","href":"https:\/\/api.w.org\/{rel}","templated":true}]}}